{"id":79322,"date":"2026-04-28T10:00:00","date_gmt":"2026-04-28T08:00:00","guid":{"rendered":"https:\/\/blog.apartmentbarcelona.com\/?p=79322"},"modified":"2026-04-27T09:25:07","modified_gmt":"2026-04-27T07:25:07","slug":"descubre-horta-guinardo-lo-mejor-para-ver-comer-y-disfrutar","status":"publish","type":"post","link":"https:\/\/blog.apartmentbarcelona.com\/es\/descubre-horta-guinardo-lo-mejor-para-ver-comer-y-disfrutar\/","title":{"rendered":"Descubre Horta-Guinard\u00f3: lo mejor para ver, comer y disfrutar\u00a0"},"content":{"rendered":"\n<p>Ubicado al norte de Barcelona, Horta-Guinard\u00f3 es un distrito que mantiene ese aire tranquilo y pintoresco de pueblo, pero con la proximidad a la gran ciudad. A los pies de la majestuosa sierra de Collserola, este barrio ofrece una mezcla de naturaleza, historia y arquitectura que lo convierten en un lugar \u00fanico para disfrutar de una experiencia <a href=\"https:\/\/blog.apartmentbarcelona.com\/es\/mejores-mercadillos-barcelona\/\" target=\"_blank\" rel=\"noopener\" title=\"\">local<\/a> aut\u00e9ntica, alejada del bullicio tur\u00edstico del centro. Si buscas escapar del ajetreo y descubrir una Barcelona m\u00e1s relajada, \u00a1Horta-Guinard\u00f3 es tu destino!<\/p>\n\n\n\n<div style=\"height:0px\" aria-hidden=\"true\" class=\"wp-block-spacer\"><\/div>\n\n\n\n<h2 class=\"wp-block-heading\">1. <strong>\u00bfD\u00f3nde est\u00e1 Horta-Guinard\u00f3?<\/strong><\/h2>\n\n\n\n<p>Horta-Guinard\u00f3 es uno de los distritos m\u00e1s grandes y verdes de Barcelona, ubicado entre los barrios de <a href=\"https:\/\/blog.apartmentbarcelona.com\/es\/descubre-gracia-lo-mejor-para-ver-comer-y-disfrutar\/\" target=\"_blank\" rel=\"noopener\" title=\"\">Gr\u00e0cia<\/a> y Nou Barris. Aunque forma parte de la ciudad desde hace m\u00e1s de un siglo, conserva un car\u00e1cter propio, con su aire relajado, calles sinuosas y preciosas vistas. La historia de este barrio se remonta a tiempos antiguos, cuando Horta era un pueblo independiente, conocido por su arquitectura \u00fanica y su cercan\u00eda a la naturaleza, pero hoy es un distrito residencial lleno de vida.<\/p>\n\n\n\n<div style=\"height:0px\" aria-hidden=\"true\" class=\"wp-block-spacer\"><\/div>\n\n\n\n<h2 class=\"wp-block-heading\">2. <strong>Qu\u00e9 ver y qu\u00e9 hacer en Horta-Guinard\u00f3<\/strong><\/h2>\n\n\n\n<p><strong>1. Parque del Laberinto de Horta<\/strong><strong><br><\/strong>Este jard\u00edn neocl\u00e1sico, que data del siglo XVIII, es el m\u00e1s antiguo de Barcelona y uno de los m\u00e1s hermosos. Con 9 hect\u00e1reas de jardines, fuentes y peque\u00f1os templos, es el lugar ideal para pasear y relajarte. Los mi\u00e9rcoles y domingos la entrada es gratuita.<\/p>\n\n\n<div class=\"wp-block-image\">\n<figure class=\"aligncenter size-full is-resized\"><img loading=\"lazy\" decoding=\"async\" width=\"960\" height=\"686\" src=\"https:\/\/blog.apartmentbarcelona.com\/wp-content\/uploads\/2026\/04\/parc-del-laberint-horta-barcelona-vistas.webp\" alt=\"Vista del Parc del Laberint d\u2019Horta en Barcelona con su famoso laberinto de setos verdes, jardines cl\u00e1sicos y entorno natural arbolado.\" class=\"wp-image-79378\" style=\"aspect-ratio:1.3994487848210828;width:481px;height:auto\" srcset=\"https:\/\/blog.apartmentbarcelona.com\/wp-content\/uploads\/2026\/04\/parc-del-laberint-horta-barcelona-vistas.webp 960w, https:\/\/blog.apartmentbarcelona.com\/wp-content\/uploads\/2026\/04\/parc-del-laberint-horta-barcelona-vistas-300x214.webp 300w, https:\/\/blog.apartmentbarcelona.com\/wp-content\/uploads\/2026\/04\/parc-del-laberint-horta-barcelona-vistas-768x549.webp 768w\" sizes=\"auto, (max-width: 960px) 100vw, 960px\" \/><figcaption class=\"wp-element-caption\">Foto por Till F. Teenck en <a href=\"https:\/\/commons.wikimedia.org\/wiki\/File:Parc_del_Laberint_d%27Horta_Barcelona_1.jpg\" target=\"_blank\" rel=\"noopener nofollow\" title=\"\">Wikimedia<\/a> \/ <a href=\"https:\/\/creativecommons.org\/licenses\/by-sa\/3.0\/deed.en\" target=\"_blank\" rel=\"noopener nofollow\" title=\"\">Licencia Creative Commons<\/a><\/figcaption><\/figure>\n<\/div>\n\n\n<p><strong>2. Hospital de la Santa Creu i Sant Pau<\/strong><strong><br><\/strong>Considerado uno de los mejores ejemplos de la arquitectura modernista catalana y declarado Patrimonio de la Humanidad por la UNESCO, el Hospital de la Santa Creu i Sant Pau es una joya de la ciudad.&nbsp;<\/p>\n\n\n<div class=\"wp-block-image\">\n<figure class=\"aligncenter size-full is-resized\"><img loading=\"lazy\" decoding=\"async\" width=\"960\" height=\"637\" src=\"https:\/\/blog.apartmentbarcelona.com\/wp-content\/uploads\/2026\/04\/interior-hospital-sant-pau-barcelona-modernista.webp\" alt=\"Vest\u00edbulo interior del Hospital de Sant Pau en Barcelona con escaleras de m\u00e1rmol, columnas ornamentadas y detalles arquitect\u00f3nicos de estilo modernista.\" class=\"wp-image-79388\" style=\"aspect-ratio:1.5071013319596733;width:544px;height:auto\" srcset=\"https:\/\/blog.apartmentbarcelona.com\/wp-content\/uploads\/2026\/04\/interior-hospital-sant-pau-barcelona-modernista.webp 960w, https:\/\/blog.apartmentbarcelona.com\/wp-content\/uploads\/2026\/04\/interior-hospital-sant-pau-barcelona-modernista-300x199.webp 300w, https:\/\/blog.apartmentbarcelona.com\/wp-content\/uploads\/2026\/04\/interior-hospital-sant-pau-barcelona-modernista-768x510.webp 768w, https:\/\/blog.apartmentbarcelona.com\/wp-content\/uploads\/2026\/04\/interior-hospital-sant-pau-barcelona-modernista-625x415.webp 625w\" sizes=\"auto, (max-width: 960px) 100vw, 960px\" \/><figcaption class=\"wp-element-caption\">Foto por Montse Poch en <a href=\"https:\/\/commons.wikimedia.org\/wiki\/File:Hospital_de_la_Santa_Creu_i_de_Sant_Pau_%28Barcelona%29_-_11.jpg\" target=\"_blank\" rel=\"noopener nofollow\" title=\"\">Wikimedia<\/a> \/ <a href=\"https:\/\/creativecommons.org\/licenses\/by-sa\/3.0\/deed.en\" target=\"_blank\" rel=\"noopener nofollow\" title=\"\">Licencia Creative Commons<\/a><\/figcaption><\/figure>\n<\/div>\n\n\n<p><strong>3. Parc del Guinard\u00f3<\/strong><strong><br><\/strong>Este parque de 1910 es uno de los m\u00e1s grandes de Barcelona y ofrece unas vistas espectaculares de la ciudad. Perfecto para dar un paseo, disfrutar de su vegetaci\u00f3n y descansar en sus \u00e1reas habilitadas.&nbsp;<\/p>\n\n\n<div class=\"wp-block-image\">\n<figure class=\"aligncenter size-full is-resized\"><img loading=\"lazy\" decoding=\"async\" width=\"760\" height=\"428\" src=\"https:\/\/blog.apartmentbarcelona.com\/wp-content\/uploads\/2026\/04\/parc-del-guinardo-jardines-barcelona.webp\" alt=\"Vista elevada de los jardines del Parc del Guinard\u00f3 en Barcelona con senderos, escaleras, vegetaci\u00f3n abundante y zonas ajardinadas rodeadas de naturaleza.\" class=\"wp-image-79396\" style=\"aspect-ratio:1.775765762476726;width:558px;height:auto\" srcset=\"https:\/\/blog.apartmentbarcelona.com\/wp-content\/uploads\/2026\/04\/parc-del-guinardo-jardines-barcelona.webp 760w, https:\/\/blog.apartmentbarcelona.com\/wp-content\/uploads\/2026\/04\/parc-del-guinardo-jardines-barcelona-300x169.webp 300w\" sizes=\"auto, (max-width: 760px) 100vw, 760px\" \/><figcaption class=\"wp-element-caption\">Foto por Mar\u00eda Jos\u00e9 Mart\u00edn L\u00f3pez en <a href=\"https:\/\/ajuntament.barcelona.cat\/horta-guinardo\/es\/noticia\/vine-a-celebrar-la-recuperacio-del-jardi-historic-del-parc-del-guinardo-1488897\" target=\"_blank\" rel=\"noopener nofollow\" title=\"\">Ajuntament de Barcelona<\/a> \/ <a href=\"https:\/\/creativecommons.org\/licenses\/by-sa\/3.0\/deed.en\" target=\"_blank\" rel=\"noopener nofollow\" title=\"\">Licencia Creative Commons<\/a><\/figcaption><\/figure>\n<\/div>\n\n\n<p><strong>4. B\u00fankers del Carmel<\/strong><strong><br><\/strong>Uno de los miradores m\u00e1s conocidos de la ciudad, este antiguo refugio antia\u00e9reo de la Guerra Civil, se ha convertido en un lugar popular para ver el atardecer. Con vistas panor\u00e1micas de 360 grados de la ciudad, es un sitio perfecto para disfrutar de una de las mejores vistas de Barcelona.<\/p>\n\n\n<div class=\"wp-block-image\">\n<figure class=\"aligncenter size-full is-resized\"><img loading=\"lazy\" decoding=\"async\" width=\"955\" height=\"619\" src=\"https:\/\/blog.apartmentbarcelona.com\/wp-content\/uploads\/2026\/04\/vistas-barcelona-sagrada-familia-panoramica.webp\" alt=\"Panor\u00e1mica de Barcelona desde las alturas con la Sagrada Familia en el centro, el mar Mediterr\u00e1neo y el skyline de la ciudad al fondo.\" class=\"wp-image-79416\" style=\"aspect-ratio:1.5428499305818504;width:545px;height:auto\" srcset=\"https:\/\/blog.apartmentbarcelona.com\/wp-content\/uploads\/2026\/04\/vistas-barcelona-sagrada-familia-panoramica.webp 955w, https:\/\/blog.apartmentbarcelona.com\/wp-content\/uploads\/2026\/04\/vistas-barcelona-sagrada-familia-panoramica-300x194.webp 300w, https:\/\/blog.apartmentbarcelona.com\/wp-content\/uploads\/2026\/04\/vistas-barcelona-sagrada-familia-panoramica-768x498.webp 768w\" sizes=\"auto, (max-width: 955px) 100vw, 955px\" \/><figcaption class=\"wp-element-caption\">Foto por Jimmy Baikovicius en <a href=\"https:\/\/www.flickr.com\/photos\/jikatu\/42996041270\" target=\"_blank\" rel=\"noopener nofollow\" title=\"\">Flickr<\/a> \/ <a href=\"https:\/\/creativecommons.org\/licenses\/by-sa\/3.0\/deed.en\" target=\"_blank\" rel=\"noopener nofollow\" title=\"\">Licencia Creative Commons<\/a><\/figcaption><\/figure>\n<\/div>\n\n\n<p><strong>5. El casco antiguo de Horta<\/strong><strong><br><\/strong>Horta tambi\u00e9n ofrece un n\u00facleo hist\u00f3rico con calles estrechas, casas bajas y plazas como Pla\u00e7a d\u2019Eivissa. Este entorno te conecta con el pasado rural del barrio y te permite sentir su aut\u00e9ntico car\u00e1cter local.<\/p>\n\n\n<div class=\"wp-block-image\">\n<figure class=\"aligncenter size-full is-resized\"><img loading=\"lazy\" decoding=\"async\" width=\"960\" height=\"720\" src=\"https:\/\/blog.apartmentbarcelona.com\/wp-content\/uploads\/2026\/04\/placa-eivissa-horta-barcelona-ambiente-local.webp\" alt=\"Vista de la Pla\u00e7a Eivissa en el barrio de Horta, Barcelona, con terrazas, vecinos, comercios locales y ambiente tranquilo de plaza de barrio.\" class=\"wp-image-79424\" style=\"width:547px;height:auto\" srcset=\"https:\/\/blog.apartmentbarcelona.com\/wp-content\/uploads\/2026\/04\/placa-eivissa-horta-barcelona-ambiente-local.webp 960w, https:\/\/blog.apartmentbarcelona.com\/wp-content\/uploads\/2026\/04\/placa-eivissa-horta-barcelona-ambiente-local-300x225.webp 300w, https:\/\/blog.apartmentbarcelona.com\/wp-content\/uploads\/2026\/04\/placa-eivissa-horta-barcelona-ambiente-local-768x576.webp 768w\" sizes=\"auto, (max-width: 960px) 100vw, 960px\" \/><figcaption class=\"wp-element-caption\">Foto por Enric en <a href=\"https:\/\/commons.wikimedia.org\/wiki\/File:223_Edifici_a_la_pla%C3%A7a_d%27Eivissa,_9_%28Barcelona%29.jpg\" target=\"_blank\" rel=\"noopener nofollow\" title=\"\">Wikimedia<\/a>  \/ <a href=\"https:\/\/creativecommons.org\/licenses\/by-sa\/3.0\/deed.en\" target=\"_blank\" rel=\"noopener nofollow\" title=\"\">Licencia Creative Commons<\/a><\/figcaption><\/figure>\n<\/div>\n\n\n<p><strong>6. Carrer d\u2019Aiguafreda y las antiguas bugaderes<\/strong><strong><br><\/strong>Si te interesa el lado m\u00e1s tradicional y curioso de Horta-Guinard\u00f3, <strong>Carrer d\u2019Aiguafreda<\/strong> es un rinc\u00f3n fascinante. Aqu\u00ed se conservan las antiguas lavaderos donde las vecinas lavaban ropa siglos atr\u00e1s, y las casas rurales reflejan c\u00f3mo era la vida antes de la incorporaci\u00f3n a Barcelona.&nbsp;<\/p>\n\n\n\n<div style=\"height:0px\" aria-hidden=\"true\" class=\"wp-block-spacer\"><\/div>\n\n\n\n<h2 class=\"wp-block-heading\">3. <strong>D\u00f3nde comer y beber en Horta-Guinard\u00f3<\/strong><\/h2>\n\n\n\n<p>Horta-Guinard\u00f3 no solo es un lugar para disfrutar de su naturaleza y arquitectura, tambi\u00e9n es un barrio con una gran oferta gastron\u00f3mica.&nbsp;<\/p>\n\n\n\n<ul class=\"wp-block-list\">\n<li><strong><a href=\"https:\/\/www.instagram.com\/elmiradorcarmelo\/\" target=\"_blank\" rel=\"noopener nofollow\" title=\"\">El Mirador:<\/a><\/strong> ofrece cocina espa\u00f1ola tradicional en formato tapas y raciones con productos frescos, platos caseros y mariscos, en un ambiente acogedor.&nbsp;<\/li>\n<\/ul>\n\n\n\n<p><em>Direcci\u00f3n: Carrer de Pasteur, 2, Horta-Guinard\u00f3<\/em><\/p>\n\n\n\n<ul class=\"wp-block-list\">\n<li><a href=\"https:\/\/www.quimethorta.com\/\" target=\"_blank\" rel=\"noopener nofollow\" title=\"\"><strong>Quimet d\u2019Horta<\/strong>:<\/a> bar hist\u00f3rico donde podr\u00e1s degustar tapas locales y platos tradicionales, con opciones vegetarianas.<\/li>\n<\/ul>\n\n\n\n<p><em><\/em><em>Direcci\u00f3n: Pla\u00e7a d&#8217;Eivissa, 10, Horta-Guinard\u00f3<\/em><\/p>\n\n\n\n<ul class=\"wp-block-list\">\n<li><a href=\"https:\/\/cantravinou.com\/es\/\" target=\"_blank\" rel=\"noopener nofollow\" title=\"\"><strong>Can Travi Nou<\/strong>:<\/a> situado en una mas\u00eda del siglo XVII, este restaurante ofrece platos catalanes como bacalao, paella y arroz negro, en un entorno espectacular con terraza.<\/li>\n<\/ul>\n\n\n\n<p><em><\/em><em>Direcci\u00f3n: Carrer de Jorge Manrique, s\/n, Horta-Guinard\u00f3<\/em><\/p>\n\n\n\n<ul class=\"wp-block-list\">\n<li><strong><a href=\"https:\/\/www.instagram.com\/laceferinavermuteria\/\" target=\"_blank\" rel=\"noopener nofollow\" title=\"\">La Ceferina:<\/a> <\/strong>encontrar\u00e1s vermut artesanal con oferta de tapas cl\u00e1sicas, croquetas y picoteo con buena relaci\u00f3n calidad\u2011precio, ideal para quedar a tomar algo en un entorno relajado.<\/li>\n<\/ul>\n\n\n\n<p><em><\/em><em>Direcci\u00f3n: Pl. de Sanllehy, 5, Horta-Guinard\u00f3 <\/em><em><\/em><\/p>\n\n\n\n<ul class=\"wp-block-list\">\n<li><strong><a href=\"https:\/\/www.instagram.com\/icon_barcelona\" target=\"_blank\" rel=\"noopener nofollow\" title=\"\">ICON BARCELONA:<\/a><\/strong> proponen una cocina internacional, c\u00f3cteles, tapas, hamburguesas, vermut y caf\u00e9 en un ambiente moderno y relajado, ideal para afterworks.<\/li>\n<\/ul>\n\n\n\n<p><em><\/em><em>Direcci\u00f3n: Nick Club Padel, Carrer de Campoamor, 66, Horta-Guinard\u00f3<\/em><\/p>\n\n\n\n<ul class=\"wp-block-list\">\n<li><strong><a href=\"https:\/\/cancortada.com\/es\/\" target=\"_blank\" rel=\"noopener nofollow\" title=\"\">Can Cortada:<\/a> <\/strong>ubicado en una mas\u00eda hist\u00f3rica de Barcelona, ofrecen cocina catalana tradicional con carnes, arroces, paellas, platos caseros y producto local en un entorno \u00fanico con jardines y espacios para celebraciones.&nbsp;<\/li>\n<\/ul>\n\n\n\n<p><em><\/em><em>Direcci\u00f3n: Av. de l&#8217;Estatut de Catalunya, s\/n, Horta-Guinard\u00f3<\/em><\/p>\n\n\n\n<div style=\"height:0px\" aria-hidden=\"true\" class=\"wp-block-spacer\"><\/div>\n\n\n\n<h2 class=\"wp-block-heading\">4. <strong>Tiendas, mercados y shopping local en Horta-Guinard\u00f3<\/strong><\/h2>\n\n\n\n<p>Horta-Guinard\u00f3 destaca por su encanto local, donde predominan los comercios de proximidad. El <strong><a href=\"https:\/\/www.mercathorta.com\/\" target=\"_blank\" rel=\"noopener nofollow\" title=\"\">Mercat de Horta<\/a><\/strong> es el coraz\u00f3n del barrio, ofreciendo productos frescos y locales. En sus calles, tambi\u00e9n encontrar\u00e1s tiendas tradicionales como panader\u00edas y fruter\u00edas, as\u00ed como locales familiares como <strong><a href=\"https:\/\/www.instagram.com\/sagitarillibres\/\" target=\"_blank\" rel=\"noopener nofollow\" title=\"\">Sagitari Llibres<\/a><\/strong>, una peque\u00f1a joya para los amantes de los libros.<\/p>\n\n\n\n<p>El barrio tambi\u00e9n alberga tiendas alternativas, como <strong><a href=\"https:\/\/collell.es\/\" target=\"_blank\" rel=\"noopener nofollow\" title=\"\">Collell<\/a><\/strong>, una concept store donde la moda, la sostenibilidad y la proximidad se encuentran, ideal para quienes buscan propuestas diferentes y con personalidad.&nbsp;<\/p>\n\n\n\n<div style=\"height:0px\" aria-hidden=\"true\" class=\"wp-block-spacer\"><\/div>\n\n\n\n<h2 class=\"wp-block-heading\">5. <strong>D\u00f3nde dormir en Horta-Guinard\u00f3<\/strong><\/h2>\n\n\n\n<p>El barrio de Horta-Guinard\u00f3 es ideal para quienes buscan tranquilidad sin alejarse de las principales atracciones tur\u00edsticas. Encontrar\u00e1s alojamientos acogedores, desde apartamentos completos hasta opciones cerca de parques y miradores con vistas impresionantes. Un lugar perfecto para descansar mientras sigues conectado con la vida de Barcelona.&nbsp;<\/p>\n\n\n\n<div style=\"height:0px\" aria-hidden=\"true\" class=\"wp-block-spacer\"><\/div>\n\n\n\n<h2 class=\"wp-block-heading\">6. <strong>Para Instagram lovers: spots imperdibles<\/strong><\/h2>\n\n\n\n<p>Si eres amante de la fotograf\u00eda, Horta-Guinard\u00f3 tiene numerosos rincones que te har\u00e1n sacar tu c\u00e1mara. Algunos de los spots m\u00e1s fotog\u00e9nicos incluyen:<\/p>\n\n\n\n<ul class=\"wp-block-list\">\n<li><strong>Los B\u00fankers del Carmel<\/strong><\/li>\n<\/ul>\n\n\n<div class=\"wp-block-image\">\n<figure class=\"aligncenter size-full is-resized\"><img loading=\"lazy\" decoding=\"async\" width=\"955\" height=\"640\" src=\"https:\/\/blog.apartmentbarcelona.com\/wp-content\/uploads\/2026\/04\/bunkers-del-carmel-vistas-panoramicas-barcelona.webp\" alt=\"Personas disfrutando de las vistas panor\u00e1micas de Barcelona desde los B\u00fankers del Carmel al atardecer, con la Sagrada Familia y el mar al fondo.\" class=\"wp-image-79327\" style=\"width:710px;height:auto\" srcset=\"https:\/\/blog.apartmentbarcelona.com\/wp-content\/uploads\/2026\/04\/bunkers-del-carmel-vistas-panoramicas-barcelona.webp 955w, https:\/\/blog.apartmentbarcelona.com\/wp-content\/uploads\/2026\/04\/bunkers-del-carmel-vistas-panoramicas-barcelona-300x201.webp 300w, https:\/\/blog.apartmentbarcelona.com\/wp-content\/uploads\/2026\/04\/bunkers-del-carmel-vistas-panoramicas-barcelona-768x515.webp 768w\" sizes=\"auto, (max-width: 955px) 100vw, 955px\" \/><figcaption class=\"wp-element-caption\">Foto por Thingstodoinbarcelona en <a href=\"https:\/\/commons.wikimedia.org\/wiki\/File:View_from_the_Bunkers_del_Carmel.jpg\" target=\"_blank\" rel=\"noopener nofollow\" title=\"\">Wikimedia<\/a> \/ <a href=\"https:\/\/creativecommons.org\/licenses\/by-sa\/3.0\/deed.en\" target=\"_blank\" rel=\"noopener nofollow\" title=\"\">Licencia Creative Commons<\/a><\/figcaption><\/figure>\n<\/div>\n\n\n<ul class=\"wp-block-list\">\n<li><strong>Parque del Laberinto de Horta<\/strong><\/li>\n<\/ul>\n\n\n<div class=\"wp-block-image\">\n<figure class=\"aligncenter size-full is-resized\"><img loading=\"lazy\" decoding=\"async\" width=\"514\" height=\"343\" src=\"https:\/\/blog.apartmentbarcelona.com\/wp-content\/uploads\/2026\/04\/laberinto-de-horta-barcelona-jardines-edited.webp\" alt=\"Vista del Laberinto de Horta en Barcelona con sus setos geom\u00e9tricos, senderos verdes y jardines hist\u00f3ricos rodeados de \u00e1rboles.\" class=\"wp-image-79343\" style=\"aspect-ratio:1.500982087889537;width:665px;height:auto\" srcset=\"https:\/\/blog.apartmentbarcelona.com\/wp-content\/uploads\/2026\/04\/laberinto-de-horta-barcelona-jardines-edited.webp 514w, https:\/\/blog.apartmentbarcelona.com\/wp-content\/uploads\/2026\/04\/laberinto-de-horta-barcelona-jardines-edited-300x200.webp 300w\" sizes=\"auto, (max-width: 514px) 100vw, 514px\" \/><figcaption class=\"wp-element-caption\">Foto por Jes\u00fas G\u00f3mez en <a href=\"https:\/\/ihortal.es\/2024\/06\/07\/parque-del-laberinto-de-horta#gallery-3\" target=\"_blank\" rel=\"noopener nofollow\" title=\"\">iHortal<\/a> \/ <a href=\"https:\/\/creativecommons.org\/licenses\/by-sa\/3.0\/deed.en\" target=\"_blank\" rel=\"noopener nofollow\" title=\"\">Licencia Creative Commons<\/a><\/figcaption><\/figure>\n<\/div>\n\n\n<ul class=\"wp-block-list\">\n<li><strong>El Hospital de la Santa Creu i Sant Pau<\/strong><\/li>\n<\/ul>\n\n\n<div class=\"wp-block-image\">\n<figure class=\"aligncenter size-large is-resized\"><img loading=\"lazy\" decoding=\"async\" width=\"1024\" height=\"672\" src=\"https:\/\/blog.apartmentbarcelona.com\/wp-content\/uploads\/2026\/04\/hospital-sant-pau-barcelona-modernismo-1024x672.webp\" alt=\"Fachada principal del Hospital de Sant Pau en Barcelona, un emblem\u00e1tico edificio modernista con torre central, detalles arquitect\u00f3nicos y palmeras en la entrada.\" class=\"wp-image-79351\" style=\"aspect-ratio:1.5238571362135516;width:667px;height:auto\" srcset=\"https:\/\/blog.apartmentbarcelona.com\/wp-content\/uploads\/2026\/04\/hospital-sant-pau-barcelona-modernismo-1024x672.webp 1024w, https:\/\/blog.apartmentbarcelona.com\/wp-content\/uploads\/2026\/04\/hospital-sant-pau-barcelona-modernismo-300x197.webp 300w, https:\/\/blog.apartmentbarcelona.com\/wp-content\/uploads\/2026\/04\/hospital-sant-pau-barcelona-modernismo-768x504.webp 768w, https:\/\/blog.apartmentbarcelona.com\/wp-content\/uploads\/2026\/04\/hospital-sant-pau-barcelona-modernismo-1536x1007.webp 1536w, https:\/\/blog.apartmentbarcelona.com\/wp-content\/uploads\/2026\/04\/hospital-sant-pau-barcelona-modernismo-2048x1343.webp 2048w\" sizes=\"auto, (max-width: 1024px) 100vw, 1024px\" \/><figcaption class=\"wp-element-caption\">Foto por Luidger en <a href=\"https:\/\/commons.wikimedia.org\/wiki\/File:20061225-Barcelona_Hospital_de_la_Santa_Creu_i_Sant_Pau_MQ.jpg\" target=\"_blank\" rel=\"noopener nofollow\" title=\"\">Wikimedia<\/a> \/ <a href=\"https:\/\/creativecommons.org\/licenses\/by-sa\/3.0\/deed.en\" target=\"_blank\" rel=\"noopener nofollow\" title=\"\">Licencia Creative Commons<\/a><\/figcaption><\/figure>\n<\/div>\n\n\n<ul class=\"wp-block-list\">\n<li><strong>El Parc del Guinard\u00f3<\/strong><\/li>\n<\/ul>\n\n\n<div class=\"wp-block-image\">\n<figure class=\"aligncenter size-large is-resized\"><img loading=\"lazy\" decoding=\"async\" width=\"1024\" height=\"768\" src=\"https:\/\/blog.apartmentbarcelona.com\/wp-content\/uploads\/2026\/04\/parc-del-guinardo-barcelona-zona-verde-1024x768.webp\" alt=\"Zona verde del Parc del Guinard\u00f3 en Barcelona con \u00e1rboles frondosos, senderos, bancos y espacios de descanso rodeados de naturaleza.\" class=\"wp-image-79359\" style=\"aspect-ratio:1.3333401151553377;width:589px;height:auto\" srcset=\"https:\/\/blog.apartmentbarcelona.com\/wp-content\/uploads\/2026\/04\/parc-del-guinardo-barcelona-zona-verde-1024x768.webp 1024w, https:\/\/blog.apartmentbarcelona.com\/wp-content\/uploads\/2026\/04\/parc-del-guinardo-barcelona-zona-verde-300x225.webp 300w, https:\/\/blog.apartmentbarcelona.com\/wp-content\/uploads\/2026\/04\/parc-del-guinardo-barcelona-zona-verde-768x576.webp 768w, https:\/\/blog.apartmentbarcelona.com\/wp-content\/uploads\/2026\/04\/parc-del-guinardo-barcelona-zona-verde-1536x1152.webp 1536w, https:\/\/blog.apartmentbarcelona.com\/wp-content\/uploads\/2026\/04\/parc-del-guinardo-barcelona-zona-verde.webp 2048w\" sizes=\"auto, (max-width: 1024px) 100vw, 1024px\" \/><figcaption class=\"wp-element-caption\">Foto por Jordiferrer en <a href=\"https:\/\/commons.wikimedia.org\/wiki\/File:Parc_del_Guinard%C3%B3_02.JPG\" target=\"_blank\" rel=\"noopener nofollow\" title=\"\">Wikimedia<\/a> \/ <a href=\"https:\/\/creativecommons.org\/licenses\/by-sa\/3.0\/deed.en\" target=\"_blank\" rel=\"noopener nofollow\" title=\"\">Licencia Creative Commons<\/a><\/figcaption><\/figure>\n<\/div>\n\n\n<ul class=\"wp-block-list\">\n<li><strong>El casco antiguo de Horta y Pla\u00e7a d\u2019Eivissa<\/strong><\/li>\n<\/ul>\n\n\n<div class=\"wp-block-image\">\n<figure class=\"aligncenter size-large is-resized\"><img loading=\"lazy\" decoding=\"async\" width=\"1024\" height=\"683\" src=\"https:\/\/blog.apartmentbarcelona.com\/wp-content\/uploads\/2026\/04\/placa-eivissa-horta-guinardo-barcelona-1024x683.webp\" alt=\"Vista a\u00e9rea de la Pla\u00e7a Eivissa en el barrio de Horta-Guinard\u00f3, Barcelona, con \u00e1rboles, terrazas, bancos y ambiente de plaza local.\" class=\"wp-image-79368\" style=\"aspect-ratio:1.4992793575987737;width:604px;height:auto\" srcset=\"https:\/\/blog.apartmentbarcelona.com\/wp-content\/uploads\/2026\/04\/placa-eivissa-horta-guinardo-barcelona-1024x683.webp 1024w, https:\/\/blog.apartmentbarcelona.com\/wp-content\/uploads\/2026\/04\/placa-eivissa-horta-guinardo-barcelona-300x200.webp 300w, https:\/\/blog.apartmentbarcelona.com\/wp-content\/uploads\/2026\/04\/placa-eivissa-horta-guinardo-barcelona-768x512.webp 768w, https:\/\/blog.apartmentbarcelona.com\/wp-content\/uploads\/2026\/04\/placa-eivissa-horta-guinardo-barcelona-1536x1024.webp 1536w, https:\/\/blog.apartmentbarcelona.com\/wp-content\/uploads\/2026\/04\/placa-eivissa-horta-guinardo-barcelona-2048x1366.webp 2048w\" sizes=\"auto, (max-width: 1024px) 100vw, 1024px\" \/><figcaption class=\"wp-element-caption\">Foto por Districte d&#8217;Horta Guinard\u00f3 en <a href=\"https:\/\/commons.wikimedia.org\/wiki\/File:Rutes_Hist%C3%B2riques_a_Horta-Guinard%C3%B3-placa_eivissa_01.jpg\" target=\"_blank\" rel=\"noopener nofollow\" title=\"\">Wikimedia<\/a> \/ <a href=\"https:\/\/creativecommons.org\/licenses\/by-sa\/3.0\/deed.en\" target=\"_blank\" rel=\"noopener nofollow\" title=\"\">Licencia Creative Commons<\/a><\/figcaption><\/figure>\n<\/div>\n\n\n<div style=\"height:0px\" aria-hidden=\"true\" class=\"wp-block-spacer\"><\/div>\n\n\n\n<h2 class=\"wp-block-heading\">7. <strong>Curiosidades y datos que no sab\u00edas sobre Horta-Guinard\u00f3<\/strong><\/h2>\n\n\n\n<p>Horta fue un municipio independiente hasta 1904, con su propio sistema de abastecimiento de agua y lavander\u00edas locales. Durante la Guerra Civil, los miradores del distrito fueron puntos clave para los combatientes que observaban a sus enemigos. Hoy en d\u00eda, el Parc del Guinard\u00f3 y los B\u00fankers del Carmel siguen siendo puntos estrat\u00e9gicos para quienes buscan unas vistas incre\u00edbles.<\/p>\n\n\n\n<p>Adem\u00e1s, las Fiestas de Horta, celebradas cada septiembre, son una de las tradiciones m\u00e1s esperadas por los vecinos, llenas de m\u00fasica, juegos y actividades para toda la familia.<\/p>\n\n\n\n<div style=\"height:0px\" aria-hidden=\"true\" class=\"wp-block-spacer\"><\/div>\n\n\n\n<p>No hay mejor forma de conocer Barcelona que explorando sus barrios m\u00e1s aut\u00e9nticos. Horta-Guinard\u00f3 te ofrece una combinaci\u00f3n perfecta de naturaleza, historia y cultura local. \u00bfTe animas a descubrirlo? Visita nuestro blog y redes sociales para seguir explorando m\u00e1s rincones de la ciudad.<\/p>\n","protected":false},"excerpt":{"rendered":"<p>Explora Horta-Guinard\u00f3 y descubre parques, miradores, gastronom\u00eda local y el encanto m\u00e1s aut\u00e9ntico de Barcelona.<\/p>\n","protected":false},"author":3,"featured_media":58019,"comment_status":"closed","ping_status":"closed","sticky":false,"template":"","format":"standard","meta":{"om_disable_all_campaigns":false,"_monsterinsights_skip_tracking":false,"_monsterinsights_sitenote_active":false,"_monsterinsights_sitenote_note":"","_monsterinsights_sitenote_category":0,"footnotes":""},"categories":[92,211],"tags":[1199,1579],"class_list":["post-79322","post","type-post","status-publish","format-standard","has-post-thumbnail","hentry","category-guia-turistica","category-inicio","tag-sitios-barcelona","tag-visitando-barcelona-2"],"aioseo_notices":[],"_links":{"self":[{"href":"https:\/\/blog.apartmentbarcelona.com\/es\/wp-json\/wp\/v2\/posts\/79322","targetHints":{"allow":["GET"]}}],"collection":[{"href":"https:\/\/blog.apartmentbarcelona.com\/es\/wp-json\/wp\/v2\/posts"}],"about":[{"href":"https:\/\/blog.apartmentbarcelona.com\/es\/wp-json\/wp\/v2\/types\/post"}],"author":[{"embeddable":true,"href":"https:\/\/blog.apartmentbarcelona.com\/es\/wp-json\/wp\/v2\/users\/3"}],"replies":[{"embeddable":true,"href":"https:\/\/blog.apartmentbarcelona.com\/es\/wp-json\/wp\/v2\/comments?post=79322"}],"version-history":[{"count":4,"href":"https:\/\/blog.apartmentbarcelona.com\/es\/wp-json\/wp\/v2\/posts\/79322\/revisions"}],"predecessor-version":[{"id":79434,"href":"https:\/\/blog.apartmentbarcelona.com\/es\/wp-json\/wp\/v2\/posts\/79322\/revisions\/79434"}],"wp:featuredmedia":[{"embeddable":true,"href":"https:\/\/blog.apartmentbarcelona.com\/es\/wp-json\/wp\/v2\/media\/58019"}],"wp:attachment":[{"href":"https:\/\/blog.apartmentbarcelona.com\/es\/wp-json\/wp\/v2\/media?parent=79322"}],"wp:term":[{"taxonomy":"category","embeddable":true,"href":"https:\/\/blog.apartmentbarcelona.com\/es\/wp-json\/wp\/v2\/categories?post=79322"},{"taxonomy":"post_tag","embeddable":true,"href":"https:\/\/blog.apartmentbarcelona.com\/es\/wp-json\/wp\/v2\/tags?post=79322"}],"curies":[{"name":"wp","href":"https:\/\/api.w.org\/{rel}","templated":true}]}}