{"id":57367,"date":"2025-09-04T10:00:00","date_gmt":"2025-09-04T08:00:00","guid":{"rendered":"https:\/\/blog.apartmentbarcelona.com\/guia-principiantes-catalan\/"},"modified":"2025-08-20T12:59:48","modified_gmt":"2025-08-20T10:59:48","slug":"guia-principiantes-catalan","status":"publish","type":"post","link":"https:\/\/blog.apartmentbarcelona.com\/es\/guia-principiantes-catalan\/","title":{"rendered":"Gu\u00eda para principiantes del catal\u00e1n | Aprender catal\u00e1n"},"content":{"rendered":"\n<p>Si est\u00e1s planeando unas <a href=\"https:\/\/blog.apartmentbarcelona.com\/es\/how-to-plan-budget-friendly-holiday-barcelona\/\" target=\"_blank\" rel=\"noopener\" title=\"vacaciones\"><strong>vacaciones<\/strong><\/a> en Barcelona, quiz\u00e1 te hayas preguntado si necesitas aprender catal\u00e1n de antemano para poder moverte por la ciudad.<\/p>\n\n\n\n<p>Como capital de Catalu\u00f1a, Barcelona es conocida por contar con muchos hablantes de catal\u00e1n. Hemos preparado una gu\u00eda con datos e informaci\u00f3n interesante sobre la lengua y la <a href=\"https:\/\/blog.apartmentbarcelona.com\/es\/cultura-y-tradiciones-catalanas\/\" target=\"_blank\" rel=\"noopener\" title=\"cultura\">cultura<\/a> catalana para ofrecerte una visi\u00f3n general de lo que necesitas saber.<\/p>\n\n\n\n<p>Y no te preocupes, no necesitas hacer un curso de catal\u00e1n para disfrutar de tus vacaciones.<\/p>\n\n\n\n<div style=\"height:0px\" aria-hidden=\"true\" class=\"wp-block-spacer\"><\/div>\n\n\n\n<h2 class=\"wp-block-heading\"><strong>1. Historia<\/strong><\/h2>\n\n\n\n<p>No es estrictamente necesario aprender <strong>catal\u00e1n<\/strong> antes de venir a Barcelona, pero s\u00ed resulta interesante e importante conocer algunos datos sobre el idioma y la cultura. Esto te ayudar\u00e1 a comprender mejor a los locales y a familiarizarte con las costumbres t\u00edpicas de la regi\u00f3n.<\/p>\n\n\n<div class=\"wp-block-image\">\n<figure class=\"aligncenter size-large is-resized\"><img loading=\"lazy\" decoding=\"async\" width=\"1024\" height=\"683\" src=\"https:\/\/blog.apartmentbarcelona.com\/wp-content\/uploads\/2025\/05\/pexels-enricoperini-819767-1024x683.webp\" alt=\"A panoramic view of Barcelona with the Sagrada Fam\u00edlia in the center, the Mediterranean Sea in the background, and the city\u2019s skyline with modern and historic buildings.\" class=\"wp-image-74158\" style=\"width:822px;height:auto\" srcset=\"https:\/\/blog.apartmentbarcelona.com\/wp-content\/uploads\/2025\/05\/pexels-enricoperini-819767-1024x683.webp 1024w, https:\/\/blog.apartmentbarcelona.com\/wp-content\/uploads\/2025\/05\/pexels-enricoperini-819767-300x200.webp 300w, https:\/\/blog.apartmentbarcelona.com\/wp-content\/uploads\/2025\/05\/pexels-enricoperini-819767-768x512.webp 768w, https:\/\/blog.apartmentbarcelona.com\/wp-content\/uploads\/2025\/05\/pexels-enricoperini-819767-1536x1024.webp 1536w, https:\/\/blog.apartmentbarcelona.com\/wp-content\/uploads\/2025\/05\/pexels-enricoperini-819767-2048x1365.webp 2048w\" sizes=\"auto, (max-width: 1024px) 100vw, 1024px\" \/><\/figure>\n<\/div>\n\n\n<p>Y no te alarmes, este art\u00edculo no se convertir\u00e1 en una aburrida clase de historia. \u00a1Al contrario! Queremos mostrarte lo <strong>fascinante e interesante<\/strong> que resultan los desarrollos hist\u00f3ricos y ling\u00fc\u00edsticos de Barcelona, y c\u00f3mo puedes descubrir m\u00e1s sobre ellos de una forma casual y entretenida.<\/p>\n\n\n\n<div style=\"height:0px\" aria-hidden=\"true\" class=\"wp-block-spacer\"><\/div>\n\n\n\n<h3 class=\"wp-block-heading\"><strong>\u00bfDe d\u00f3nde viene la lengua catalana?<\/strong><\/h3>\n\n\n\n<p>A muchos les puede sorprender saber que el castellano (el idioma que la mayor\u00eda de pa\u00edses extranjeros llaman espa\u00f1ol) no es la \u00fanica lengua que se habla en Espa\u00f1a. Puede que pienses que el catal\u00e1n es un dialecto local, pero eso no es cierto: es una lengua tan oficial como el castellano. Su origen se remonta al <strong>lat\u00edn vulgar<\/strong> hablado por los romanos, que comenzaron a colonizar partes de la Pen\u00ednsula Ib\u00e9rica alrededor del a\u00f1o 197 a. C.<\/p>\n\n\n\n<p>Desde la provincia de <a href=\"https:\/\/blog.apartmentbarcelona.com\/es\/explora-los-mejores-viajes-de-un-dia-desde-barcelona-en-tren\/\" target=\"_blank\" rel=\"noopener\" title=\"Tarragona\">Tarragona<\/a> comenz\u00f3 a extenderse un dialecto que, con el tiempo, evolucion\u00f3 hasta convertirse en la lengua catalana. Por eso, incluso hoy en d\u00eda, se pueden encontrar rastros de italiano, franc\u00e9s e incluso ciertas similitudes con el euskera en el catal\u00e1n.<\/p>\n\n\n\n<p>No obstante, el catal\u00e1n ha crecido y se ha desarrollado de forma independiente, y ser\u00eda un gran error pensar que es una mezcla de otros idiomas o dialectos. Los ling\u00fcistas y expertos coinciden en que las similitudes e influencias son comparables a las que existen entre el alem\u00e1n y el franc\u00e9s en relaci\u00f3n con el flamenco o el neerland\u00e9s.<\/p>\n\n\n<div class=\"wp-block-image\">\n<figure class=\"aligncenter size-large is-resized\"><img loading=\"lazy\" decoding=\"async\" width=\"1024\" height=\"683\" src=\"https:\/\/blog.apartmentbarcelona.com\/wp-content\/uploads\/2024\/02\/pexels-crextive-1078850-1024x683.webp\" alt=\"Close-up of colorful push pins marking various locations on a folded world map, bathed in soft, golden light suggesting travel planning or global connections.\" class=\"wp-image-69763\" style=\"width:814px;height:auto\" srcset=\"https:\/\/blog.apartmentbarcelona.com\/wp-content\/uploads\/2024\/02\/pexels-crextive-1078850-1024x683.webp 1024w, https:\/\/blog.apartmentbarcelona.com\/wp-content\/uploads\/2024\/02\/pexels-crextive-1078850-300x200.webp 300w, https:\/\/blog.apartmentbarcelona.com\/wp-content\/uploads\/2024\/02\/pexels-crextive-1078850-768x512.webp 768w, https:\/\/blog.apartmentbarcelona.com\/wp-content\/uploads\/2024\/02\/pexels-crextive-1078850-1536x1024.webp 1536w, https:\/\/blog.apartmentbarcelona.com\/wp-content\/uploads\/2024\/02\/pexels-crextive-1078850-2048x1365.webp 2048w\" sizes=\"auto, (max-width: 1024px) 100vw, 1024px\" \/><\/figure>\n<\/div>\n\n\n<h3 class=\"wp-block-heading\">&nbsp;<\/h3>\n\n\n\n<h3 class=\"wp-block-heading\"><strong>Evoluci\u00f3n del catal\u00e1n a lo largo de los siglos<\/strong><\/h3>\n\n\n\n<p>Para comprender por qu\u00e9 la lengua catalana tiene una importancia tan grande para el pueblo de Catalu\u00f1a, es necesario <strong>profundizar un poco en la historia de la regi\u00f3n<\/strong>. Al fin y al cabo, si quieres aprender un idioma, no basta con conocer su vocabulario o sus reglas gramaticales: tambi\u00e9n debes entender el trasfondo que lo sostiene.<\/p>\n\n\n\n<p>A lo largo de la historia de Espa\u00f1a, el catal\u00e1n ha sido v\u00edctima de la censura e incluso de la prohibici\u00f3n en varias ocasiones. En <strong>1714<\/strong>, con la ca\u00edda de Barcelona ante las tropas espa\u00f1olas dirigidas por el duque de Berwick, Catalu\u00f1a perdi\u00f3 su autonom\u00eda y el gobierno central impuso restricciones al uso del catal\u00e1n, <strong>estableciendo el castellano como lengua oficial<\/strong>. No fue hasta el siglo XIX, con el auge del movimiento cultural de la <strong>Renaixen\u00e7a<\/strong>, cuando el catal\u00e1n fue redescubierto como lengua literaria.<\/p>\n\n\n\n<p>Tras la victoria del bando franquista en la Guerra Civil de 1939, el r\u00e9gimen hizo todo lo posible por impedir tanto el uso oficial como el privado del catal\u00e1n. Hablarlo estaba prohibido y se castigaba con severidad. Como puedes ver, los catalanes tuvieron que luchar por su lengua, hablarla en secreto y protegerla de la desaparici\u00f3n. Por eso, <strong>el catal\u00e1n simboliza mucho m\u00e1s que un idioma: representa identidad, resistencia y cultura<\/strong>.<\/p>\n\n\n\n<p>&nbsp;<\/p>\n\n\n\n<h3 class=\"wp-block-heading\"><strong>M\u00e1s informaci\u00f3n sobre la historia de Catalu\u00f1a:<\/strong><\/h3>\n\n\n\n<p>Para descubrir <strong>m\u00e1s datos fascinantes<\/strong> sobre la historia de Catalu\u00f1a, te recomendamos una visita al <a href=\"https:\/\/www.mhcat.cat\/esmhc\" target=\"_blank\" rel=\"noopener\" title=\"Museo de Historia de Catalu\u00f1a\">Museo de Historia de Catalu\u00f1a<\/a>, una parada imprescindible para quienes quieran profundizar en el pasado de la regi\u00f3n.<\/p>\n\n\n\n<p>Y si eso no es suficiente, tambi\u00e9n puedes visitar el <a href=\"https:\/\/www.museocerabcn.com\/es\/\" target=\"_blank\" rel=\"noopener\" title=\"Museo de Cera de Barcelona\">Museo de Cera de Barcelona<\/a>, donde podr\u00e1s conocer m\u00e1s sobre el origen de la bandera catalana y otros aspectos de la historia de la regi\u00f3n de una forma realmente \u00fanica.<\/p>\n\n\n\n<h2 class=\"wp-block-heading\">&nbsp;<\/h2>\n\n\n\n<h2 class=\"wp-block-heading\"><strong>2. Datos<\/strong><\/h2>\n\n\n\n<h3 class=\"wp-block-heading\"><strong>\u00bfD\u00f3nde se habla catal\u00e1n?<\/strong><\/h3>\n\n\n\n<p>El catal\u00e1n no solo se habla en Catalu\u00f1a. Actualmente tambi\u00e9n se habla en <strong>Arag\u00f3n<\/strong>, en las <strong>Islas Baleares<\/strong>, en <strong>Murcia<\/strong> y en la <strong>Comunidad Valenciana<\/strong> (otras dos comunidades aut\u00f3nomas de Espa\u00f1a), as\u00ed como en <strong>Andorra<\/strong>, donde es adem\u00e1s la lengua oficial. Incluso en la regi\u00f3n del <strong>Rosell\u00f3n<\/strong> (Francia) y en la ciudad de <strong>Alguer<\/strong> en Cerde\u00f1a (Italia) se conserva el uso del catal\u00e1n.<\/p>\n\n\n\n<p>Seg\u00fan encuestas y c\u00e1lculos realizados por la <strong>Universidad de Girona<\/strong>, hoy en d\u00eda m\u00e1s de <strong>9 millones de personas<\/strong> hablan o aprenden catal\u00e1n como lengua materna o principal.<\/p>\n\n\n\n<p>Para que te hagas una idea, en comparaci\u00f3n se estima que actualmente existen unos <strong>378 millones de hablantes nativos de ingl\u00e9s<\/strong> y m\u00e1s de <strong>523 millones de hablantes nativos de espa\u00f1ol<\/strong> en todo el mundo.<\/p>\n\n\n\n<h3 class=\"wp-block-heading\"><strong>\u00bfEs necesario saber catal\u00e1n cuando se visita Barcelona?<\/strong><\/h3>\n\n\n\n<p>Cuando vengas a Barcelona de vacaciones, no necesitas aprender catal\u00e1n para poder comunicarte. Los locales tambi\u00e9n hablan castellano y, especialmente en el centro de la ciudad y en las <a href=\"https:\/\/blog.apartmentbarcelona.com\/es\/10-atracciones-barcelona\/\" target=\"_blank\" rel=\"noopener\" title=\"zonas\">zonas<\/a> tur\u00edsticas, podr\u00e1s desenvolverte bastante bien en ingl\u00e9s.<\/p>\n\n\n\n<p>Sin embargo, nunca est\u00e1 de m\u00e1s aprender algunas palabras en catal\u00e1n. A los barceloneses siempre les alegra cuando alguien hace el esfuerzo de hablar en su lengua, y esto te da la oportunidad de sacar una sonrisa a la gente.<\/p>\n\n\n<div class=\"wp-block-image\">\n<figure class=\"aligncenter size-large is-resized\"><img loading=\"lazy\" decoding=\"async\" width=\"1024\" height=\"576\" src=\"https:\/\/blog.apartmentbarcelona.com\/wp-content\/uploads\/2025\/05\/pexels-chaitaastic-1782436-1024x576.webp\" alt=\"Close-up view of the Sagrada Fam\u00edlia basilica in Barcelona with cranes above, highlighting its intricate towers and ongoing construction against a clear blue sky.\" class=\"wp-image-74166\" style=\"width:866px;height:auto\" srcset=\"https:\/\/blog.apartmentbarcelona.com\/wp-content\/uploads\/2025\/05\/pexels-chaitaastic-1782436-1024x576.webp 1024w, https:\/\/blog.apartmentbarcelona.com\/wp-content\/uploads\/2025\/05\/pexels-chaitaastic-1782436-300x169.webp 300w, https:\/\/blog.apartmentbarcelona.com\/wp-content\/uploads\/2025\/05\/pexels-chaitaastic-1782436-768x432.webp 768w, https:\/\/blog.apartmentbarcelona.com\/wp-content\/uploads\/2025\/05\/pexels-chaitaastic-1782436-1536x864.webp 1536w, https:\/\/blog.apartmentbarcelona.com\/wp-content\/uploads\/2025\/05\/pexels-chaitaastic-1782436-2048x1152.webp 2048w\" sizes=\"auto, (max-width: 1024px) 100vw, 1024px\" \/><\/figure>\n<\/div>\n\n\n<h2 class=\"wp-block-heading\"><strong>3. Aprender catal\u00e1n<\/strong><\/h2>\n\n\n\n<h3 class=\"wp-block-heading\"><strong>Material de estudio<\/strong><\/h3>\n\n\n\n<p>Si te interesa aprender un poco de catal\u00e1n, tienes varias opciones.<\/p>\n\n\n\n<p>Puedes practicar lo b\u00e1sico y el vocabulario por tu cuenta en casa, ya que existen diferentes <a href=\"https:\/\/llengua.gencat.cat\/es\/serveis\/aprendre_catala\/a-catalunya\/index.html\" target=\"_blank\" rel=\"noopener\" title=\"recursos online\">recursos online<\/a> que ofrecen material de pr\u00e1ctica. \u00bfQu\u00e9 tal ver algunos v\u00eddeos de locales o leer un libro con las frases y expresiones m\u00e1s importantes?<\/p>\n\n\n\n<p>Si aprender por tu cuenta no es lo tuyo, tambi\u00e9n puedes apuntarte a un <a href=\"https:\/\/escuelamediterraneo.com\/es\/otros-cursos\/cursos-de-catalan\/\" target=\"_blank\" rel=\"noopener\" title=\"curso de idiomas\">curso de idiomas<\/a> cuando vengas a Barcelona. As\u00ed podr\u00e1s aprender la lengua junto a otras personas. No solo es una gran oportunidad para adquirir un nuevo idioma, sino tambi\u00e9n para conocer gente y disfrutar de tu estancia en nuestra hermosa ciudad.<\/p>\n\n\n\n<p>De esta manera, podr\u00e1s poner en pr\u00e1ctica lo que aprendas en tu pr\u00f3xima visita a una <a href=\"https:\/\/blog.apartmentbarcelona.com\/es\/mejores-mercadillos-barcelona\/\" target=\"_blank\" rel=\"noopener\" title=\"tienda local\">tienda local<\/a> o en el <strong>mercado semanal<\/strong>. Y si est\u00e1s interesado en una estancia m\u00e1s larga en la ciudad para un curso intensivo de catal\u00e1n, en nuestra <a href=\"https:\/\/www.apartmentbarcelona.com\/es\/?gad_source=1&amp;_gl=1*290wvb*_up*MQ..*_gs*MQ..&amp;gclid=Cj0KCQjw5azABhD1ARIsAA0WFUGHdCd_ouzk6tYvWJSqvy3v0yx0YUy4I9cu9NdTBrS_HSTZOX3l5OYaApRZEALw_wcB&amp;gbraid=0AAAAAD-XO1G_AzT6NfZ4kJ0VG_GaGvuKZ\" target=\"_blank\" rel=\"noopener\" title=\"web\">web<\/a> encontrar\u00e1s <strong>excelentes opciones de alojamiento<\/strong>.<\/p>\n\n\n<div class=\"wp-block-image\">\n<figure class=\"aligncenter\"><img decoding=\"async\" src=\"https:\/\/blog.apartmentbarcelona.com\/wp-content\/uploads\/2023\/02\/Screenshot-2023-02-10-at-13.00.58.png\" alt=\"catalan-bcn\" class=\"wp-image-41761\"\/><\/figure>\n<\/div>\n\n\n<p><strong>&nbsp;<\/strong><\/p>\n\n\n\n<h2 class=\"wp-block-heading\"><strong>4.<\/strong> <strong>Explora la ciudad<\/strong><\/h2>\n\n\n\n<p>Explorar la ciudad es una forma f\u00e1cil y natural de aprender catal\u00e1n b\u00e1sico. Participar en <a href=\"https:\/\/blog.apartmentbarcelona.com\/es\/diversion-familia-barcelona-actividades-ninos\/\" target=\"_blank\" rel=\"noopener\" title=\"actividades\">actividades<\/a> cotidianas te expone a hablantes nativos, lo que mejorar\u00e1 enormemente tu comprensi\u00f3n auditiva. Adem\u00e1s, cuando salgas, f\u00edjate en los <strong>carteles, men\u00fas, letreros y anuncios<\/strong> que te rodean, ya que te ayudar\u00e1 a reconocer palabras comunes y a entender en qu\u00e9 contextos se utilizan.<\/p>\n\n\n\n<h3 class=\"wp-block-heading\">Vocabulario b\u00e1sico<\/h3>\n\n\n\n<p>Para empezar, aqu\u00ed tienes algunas expresiones importantes. Estas <strong>20 frases<\/strong> son muy \u00fatiles para poder comunicarte un poco. Y no te preocupes, no hace falta que lo hagas perfecto. Como en cualquier otro idioma, la regla es: <em>aprender practicando<\/em>.<\/p>\n\n\n\n<p><strong>Bona sort!<\/strong> <em>(\u00a1Buena suerte!)<\/em><\/p>\n\n\n\n<figure class=\"wp-block-table\"><table class=\"has-fixed-layout\"><tbody><tr><td>1<\/td><td>Bon dia!<\/td><td>\u00a1Buenos d\u00edas!<\/td><\/tr><tr><td>2<\/td><td>Bona tarda!<\/td><td>\u00a1Buenas tardes!<\/td><\/tr><tr><td>3<\/td><td>Bona nit!<\/td><td>\u00a1Buenas noches!<\/td><\/tr><tr><td>4<\/td><td>Hola!<\/td><td>\u00a1Hola!<\/td><\/tr><tr><td>5<\/td><td>Ad\u00e9u!\/A reveure!<\/td><td>\u00a1Adi\u00f3s!<\/td><\/tr><tr><td>6<\/td><td>Si us plau<\/td><td>Por favor<\/td><\/tr><tr><td>7<\/td><td>(Moltes) gr\u00e0cies!\/Merc\u00e8s!<\/td><td>\u00a1Gracias! \/ \u00a1Muchas gracias!<\/td><\/tr><tr><td>8<\/td><td>Que vagi b\u00e9!<\/td><td>\u00a1Que vaya bien!<\/td><\/tr><tr><td>9<\/td><td>Encantat! Molt de gust!<\/td><td>\u00a1Encantado! \u00a1Mucho gusto!<\/td><\/tr><tr><td>10<\/td><td>Perd\u00f3<\/td><td>Perd\u00f3n<\/td><\/tr><tr><td>11<\/td><td>Ho sento (molt)\/Em sap greu<\/td><td>Lo siento \/ Me sabe mal<\/td><\/tr><tr><td>12<\/td><td>(Que) parles catal\u00e0\/angl\u00e8s?<\/td><td>\u00bfHablas catal\u00e1n \/ ingl\u00e9s?<\/td><\/tr><tr><td>13<\/td><td>Com et dius?<\/td><td>\u00bfC\u00f3mo te llamas?<\/td><\/tr><tr><td>14<\/td><td>Em dic ______.<\/td><td>Mi nombre es ______.<\/td><\/tr><tr><td>15<\/td><td>(Jo) s\u00f3c el\/la _______.<\/td><td>Yo soy ________.<\/td><\/tr><tr><td>16<\/td><td>D&#8217;on ets?<\/td><td>\u00bfDe d\u00f3nde eres?<\/td><\/tr><tr><td>17<\/td><td>S\u00f3c de ______.<\/td><td>Soy de _____.<\/td><\/tr><tr><td>18<\/td><td>Vinc de ________.<\/td><td>Vengo de _______.<\/td><\/tr><tr><td>19<\/td><td>Com est\u00e0s? \/ Com va (tot)?<\/td><td>\u00bfC\u00f3mo est\u00e1s? \u00bfC\u00f3mo va todo?<\/td><\/tr><tr><td>20<\/td><td>(No) ho entenc.\/ (No) ho comprenc.<\/td><td>No lo entiendo \/ No lo comprendo.<\/td><\/tr><\/tbody><\/table><\/figure>\n\n\n<div class=\"wp-block-image\">\n<figure class=\"aligncenter\"><img decoding=\"async\" src=\"https:\/\/blog.apartmentbarcelona.com\/wp-content\/uploads\/2023\/02\/Screenshot-2023-02-10-at-13.00.47.png\" alt=\"catalan-bcn\" class=\"wp-image-41762\"\/><\/figure>\n<\/div>\n\n\n<p>Tanto si vienes a Barcelona para una escapada de fin de semana como si planeas una estancia <a href=\"https:\/\/blog.apartmentbarcelona.com\/es\/guia-mudarse-barcelona-informacion-esencial-consejos\/\" target=\"_blank\" rel=\"noopener\" title=\"m\u00e1s larga\">m\u00e1s larga<\/a>, familiarizarte con el catal\u00e1n le dar\u00e1 un valor a\u00f1adido a tu experiencia. Aunque no tengas intenci\u00f3n de hablarlo con fluidez, conocer algunas frases puede abrirte puertas, sacar sonrisas y ayudarte a conectar m\u00e1s profundamente con la cultura local.<\/p>\n\n\n\n<p>El catal\u00e1n es mucho m\u00e1s que un medio de comunicaci\u00f3n: es un <strong>s\u00edmbolo de identidad, resiliencia y orgullo<\/strong> para la gente de esta regi\u00f3n. As\u00ed que, la pr\u00f3xima vez que pidas un caf\u00e9, recorras los puestos de un mercado o pasees por las calles hist\u00f3ricas de la ciudad, atr\u00e9vete con un <strong>\u201cBon dia\u201d<\/strong> o un <strong>\u201cGr\u00e0cies\u201d<\/strong>. Te sorprender\u00e1 lo lejos que pueden llevarte unas pocas palabras en catal\u00e1n.<\/p>\n","protected":false},"excerpt":{"rendered":"<p>Si est\u00e1s planeando unas vacaciones en Barcelona, quiz\u00e1 te hayas preguntado si necesitas aprender catal\u00e1n de antemano para poder moverte por la ciudad. Como capital de Catalu\u00f1a, Barcelona es conocida por contar con muchos hablantes de catal\u00e1n. Hemos preparado una gu\u00eda con datos e informaci\u00f3n interesante sobre la lengua y la cultura catalana para ofrecerte [&hellip;]<\/p>\n","protected":false},"author":3,"featured_media":57320,"comment_status":"open","ping_status":"closed","sticky":false,"template":"","format":"standard","meta":{"om_disable_all_campaigns":false,"_monsterinsights_skip_tracking":false,"_monsterinsights_sitenote_active":false,"_monsterinsights_sitenote_note":"","_monsterinsights_sitenote_category":0,"footnotes":""},"categories":[299,92,205,211,192,206,204],"tags":[1877,11642,1579],"class_list":["post-57367","post","type-post","status-publish","format-standard","has-post-thumbnail","hentry","category-ab-esp","category-guia-turistica","category-informacion-util","category-inicio","category-que-hacer","category-tradiciones","category-vida-local","tag-cultura-barcelona","tag-guia-turistica-barcelona-es","tag-visitando-barcelona-2"],"aioseo_notices":[],"_links":{"self":[{"href":"https:\/\/blog.apartmentbarcelona.com\/es\/wp-json\/wp\/v2\/posts\/57367","targetHints":{"allow":["GET"]}}],"collection":[{"href":"https:\/\/blog.apartmentbarcelona.com\/es\/wp-json\/wp\/v2\/posts"}],"about":[{"href":"https:\/\/blog.apartmentbarcelona.com\/es\/wp-json\/wp\/v2\/types\/post"}],"author":[{"embeddable":true,"href":"https:\/\/blog.apartmentbarcelona.com\/es\/wp-json\/wp\/v2\/users\/3"}],"replies":[{"embeddable":true,"href":"https:\/\/blog.apartmentbarcelona.com\/es\/wp-json\/wp\/v2\/comments?post=57367"}],"version-history":[{"count":5,"href":"https:\/\/blog.apartmentbarcelona.com\/es\/wp-json\/wp\/v2\/posts\/57367\/revisions"}],"predecessor-version":[{"id":74201,"href":"https:\/\/blog.apartmentbarcelona.com\/es\/wp-json\/wp\/v2\/posts\/57367\/revisions\/74201"}],"wp:featuredmedia":[{"embeddable":true,"href":"https:\/\/blog.apartmentbarcelona.com\/es\/wp-json\/wp\/v2\/media\/57320"}],"wp:attachment":[{"href":"https:\/\/blog.apartmentbarcelona.com\/es\/wp-json\/wp\/v2\/media?parent=57367"}],"wp:term":[{"taxonomy":"category","embeddable":true,"href":"https:\/\/blog.apartmentbarcelona.com\/es\/wp-json\/wp\/v2\/categories?post=57367"},{"taxonomy":"post_tag","embeddable":true,"href":"https:\/\/blog.apartmentbarcelona.com\/es\/wp-json\/wp\/v2\/tags?post=57367"}],"curies":[{"name":"wp","href":"https:\/\/api.w.org\/{rel}","templated":true}]}}