{"id":26921,"date":"2025-09-16T10:00:00","date_gmt":"2025-09-16T08:00:00","guid":{"rendered":"https:\/\/blog.apartmentbarcelona.com\/merce-barcelona\/"},"modified":"2025-09-02T11:56:38","modified_gmt":"2025-09-02T09:56:38","slug":"merce-barcelona","status":"publish","type":"post","link":"https:\/\/blog.apartmentbarcelona.com\/es\/merce-barcelona\/","title":{"rendered":"Fiestas de la Merc\u00e8 Barcelona 2025: Historia y tradiciones"},"content":{"rendered":"\n<p>Barcelona, una ciudad conocida por albergar algunos de los mejores y m\u00e1s vibrantes festivales de Europa, se est\u00e1 preparando una vez m\u00e1s para la mayor fiesta callejera del a\u00f1o, <a href=\"https:\/\/www.barcelona.cat\/lamerce\/es\" target=\"_blank\" rel=\"nofollow noopener\"><strong>Les Festes de la Merc\u00e8<\/strong><\/a>.<\/p>\n\n\n\n<p>Este emocionante festival de cuatro d\u00edas (<em>23-28 de septiembre<\/em>), que se celebr\u00f3 oficialmente por primera vez en 1902, es la manera en que la capital catalana se despide de los meses m\u00e1s c\u00e1lidos y cierra la temporada de verano con una explosi\u00f3n de diversi\u00f3n. Esta fiesta tradicional se celebra en el centro de la ciudad cada septiembre en honor a una de las patronas de Barcelona, <em>La Mare de D\u00e9u de la Merc\u00e8<\/em> (o \u2018Nuestra Se\u00f1ora de la Merced\u2019).<\/p>\n\n\n\n<p>\u00a1No te pierdas algunos de los eventos m\u00e1s esperados, como desfiles, conciertos y espect\u00e1culos de fuegos artificiales! Adem\u00e1s, la mayor\u00eda de las actividades y eventos tienen entrada gratuita, por lo que no puedes dejar pasar este colorido festival durante tu visita a Barcelona.<\/p>\n\n\n\n<p>&nbsp;<\/p>\n\n\n\n<h2 class=\"wp-block-heading\"><strong><span style=\"text-decoration: underline;\">Tradiciones del Festival de la Merc\u00e8<\/span><\/strong><\/h2>\n\n\n\n<h2 class=\"wp-block-heading\"><strong>Gegants &amp; Capgrossos<\/strong><\/h2>\n\n\n\n<p>Uno de los momentos m\u00e1s destacados del Festival de la Merc\u00e8 es, sin duda, los <em>Gegants<\/em> y <em>Capgrossos<\/em> (gigantes y cabezudos), una atracci\u00f3n muy conocida y que es disfrutada por toda la familia.<\/p>\n\n\n<div class=\"wp-block-image\">\n<figure class=\"aligncenter is-resized\"><img decoding=\"async\" src=\"https:\/\/blog.apartmentbarcelona.com\/wp-content\/uploads\/2012\/09\/Isssu-Capgrossos-1-1.jpg\" alt=\"Gegants und Capgrossos beim la Merc\u00e8 Festival Barcelona Stadtfest\" class=\"wp-image-8251\" style=\"width:350px\"\/><\/figure>\n<\/div>\n\n\n<p>Mejor descritos como figuras altas de papel mach\u00e9 llevadas por \u2018portadores de gigantes\u2019, estos personajes realizan bailes mientras el desfile recorre las calles de Barcelona. \u00a1Aqu\u00ed seguro que ver\u00e1s una infinidad de dise\u00f1os creativos e imaginativos! Un bono adicional es que los <em>Capgrossos<\/em> a menudo corren hacia las multitudes e interact\u00faan, lo que convierte esta experiencia en Barcelona en algo inolvidable.<em><strong>&nbsp;<\/strong><\/em><\/p>\n\n\n\n<h2 class=\"wp-block-heading\"><strong>Correfoc<\/strong><\/h2>\n\n\n\n<p>El \u2018Correfoc\u2019, tambi\u00e9n conocido como <em>Correfoc<\/em>, es uno de los eventos m\u00e1s esperados durante las Festes de la Merc\u00e8. Dragones, demonios y diversos \u2018bestiari de foc\u2019 (bestias de fuego) realizan danzas y desfiles con fuego mientras se lanzan unos 80,000 fuegos artificiales.<\/p>\n\n\n<div class=\"wp-block-image\">\n<figure class=\"aligncenter is-resized\"><img decoding=\"async\" src=\"https:\/\/blog.apartmentbarcelona.com\/wp-content\/uploads\/2012\/09\/Correfoc-Dragon-Barcelona-1.jpg\" alt=\"Correfoc Beast, Barcelona\" class=\"wp-image-1344\" style=\"width:200px\"\/><\/figure>\n<\/div>\n\n\n<p>No te preocupes si visitas Barcelona con ni\u00f1os, ya que hay un \u2018Correfoc de los peque\u00f1os demonios\u2019 especialmente para los m\u00e1s peque\u00f1os, que suele comenzar un poco antes el domingo por la noche a lo largo de la Via Laietana.<\/p>\n\n\n\n<p><strong>&nbsp; &nbsp;<\/strong><\/p>\n\n\n\n<p><\/p>\n\n\n\n<h2 class=\"wp-block-heading\"><strong>Castellers<\/strong><\/h2>\n\n\n\n<p>\u00a1Uno de los eventos que definitivamente no debes perderte es el espect\u00e1culo de <em>Castellers<\/em>! Tambi\u00e9n conocidas como torres humanas, seguro que te ver\u00e1s encantado por los <em>Castellers<\/em> mientras suben unos sobre otros, a veces alcanzando hasta 8 pisos de altura, finalizando cada estructura con un ni\u00f1o peque\u00f1o cruzando la parte superior de la torre.<\/p>\n\n\n<div class=\"wp-block-image\">\n<figure class=\"aligncenter is-resized\"><img decoding=\"async\" src=\"https:\/\/blog.apartmentbarcelona.com\/wp-content\/uploads\/2012\/09\/Castellers-La-Merce-Barcelona-1.jpg\" alt=\"Castellers, La Merc\u00e8 Barcelona\" class=\"wp-image-1340\" style=\"width:370px\"\/><\/figure>\n<\/div>\n\n\n<p>Una costumbre centenaria que data del siglo XVIII, esta tradici\u00f3n en particular se origin\u00f3 en <strong>Tarragona<\/strong>, ubicada a las afueras de Barcelona. Es bien sabido que los mejores equipos de <em>Castellers<\/em> de toda Catalu\u00f1a act\u00faan en el <em>Festival de la Merc\u00e8<\/em>, \u00a1as\u00ed que seguro que estar\u00e1s en una gran experiencia!<em><strong>&nbsp;<\/strong><\/em><\/p>\n\n\n\n<h2 class=\"wp-block-heading\"><strong>La Sardana<\/strong><\/h2>\n\n\n\n<p>Una de las tradiciones m\u00e1s catalanas se practica en toda la regi\u00f3n durante La Merc\u00e8. Este baile, que toma su nombre de las sardanas, es una forma fant\u00e1stica en la que las personas bailan juntas y expresan su orgullo por ser de Catalu\u00f1a. Se llama as\u00ed por el hecho de que todos los participantes se colocan en un c\u00edrculo, tomados de las manos y movi\u00e9ndose hacia dentro y fuera del c\u00edrculo al un\u00edsono. Esta tradici\u00f3n se ve por toda Barcelona, por personas de todas las edades.<\/p>\n\n\n<div class=\"wp-block-image\">\n<figure class=\"aligncenter is-resized\"><img decoding=\"async\" src=\"https:\/\/blog.apartmentbarcelona.com\/wp-content\/uploads\/2019\/08\/la-sardana.jpg\" alt=\"la sardana\" class=\"wp-image-34836\" style=\"width:350px\"\/><\/figure>\n<\/div>\n\n\n<p><\/p>\n\n\n\n<h2 class=\"wp-block-heading\"><strong>M\u00fasica en vivo<\/strong><\/h2>\n\n\n\n<p>Si eres fan\u00e1tico de los espect\u00e1culos en vivo, los conciertos que se celebran junto al Festival de la Merc\u00e8 seguramente satisfar\u00e1n tus necesidades musicales. Los conciertos BAM (Barcelona Acci\u00f3 Musical) son una variedad de actuaciones de diversos grupos de m\u00fasica internacional, todos reunidos en Barcelona especialmente para La Merc\u00e8, \u00a1como lo han hecho durante a\u00f1os!<\/p>\n\n\n<div class=\"wp-block-image\">\n<figure class=\"aligncenter is-resized\"><img decoding=\"async\" src=\"https:\/\/blog.apartmentbarcelona.com\/wp-content\/uploads\/2012\/09\/BAM-Concerts-La-Merce-Barcelona-1.jpg\" alt=\"BAM Concerts, La Merc\u00e8, Barcelona\" class=\"wp-image-1338\" style=\"width:400px\"\/><\/figure>\n<\/div>\n\n\n<p>M\u00e1s de 60 conciertos suelen tener lugar durante este festival de tres d\u00edas en diferentes lugares de la ciudad, incluyendo <em>Pla\u00e7a de Joan Coromines, Pla\u00e7a dels \u00c0ngels<\/em> y <em>Rambla del Raval<\/em><em>.<\/em><\/p>\n\n\n\n<p><\/p>\n\n\n\n<h2 class=\"wp-block-heading\"><strong>Fuentes M\u00e1gicas y m\u00e1s<\/strong><\/h2>\n\n\n\n<p>La celebraci\u00f3n suele culminar con un gran final en la <em>Fuente M\u00e1gica de Montju\u00efc<\/em>, donde te espera un colorido espect\u00e1culo pirot\u00e9cnico. Con diferentes tonalidades y matices, luces l\u00e1ser y fuegos artificiales, todo acompa\u00f1ado de m\u00fasica genial. Debido a la <a href=\"https:\/\/blog.apartmentbarcelona.com\/es\/2024\/02\/27\/sequia-barcelona\/\" target=\"_blank\" rel=\"noopener\">emergencia por sequ\u00eda<\/a> en Barcelona, a\u00fan no se ha decidido si la Fuente M\u00e1gica funcionar\u00e1 durante la Merc\u00e8 de este a\u00f1o. Sin embargo, no te preocupes: \u00a1a\u00fan hay muchas actividades y eventos emocionantes para disfrutar durante el festival!&nbsp;\u00a1Este a\u00f1o, despu\u00e9s de 3 a\u00f1os sin funcionar debido a la sequ\u00eda, finalmente funcionar\u00e1 con normalidad!<\/p>\n\n\n<div class=\"wp-block-image\">\n<figure class=\"aligncenter is-resized\"><img decoding=\"async\" src=\"https:\/\/blog.apartmentbarcelona.com\/wp-content\/uploads\/2015\/01\/Magic-Fountain-Montjuic.jpg\" alt=\"Magic Fountain Montjuic\" class=\"wp-image-9630\" style=\"width:410px;height:auto\"\/><\/figure>\n<\/div>\n\n\n<p><\/p>\n\n\n\n<p><span style=\"font-weight: 400;\">Descubre m\u00e1s informaci\u00f3n sobre <\/span><a href=\"https:\/\/blog.apartmentbarcelona.com\/es\/2024\/01\/11\/fiestas-eventos-barcelona-guia\/\" target=\"_blank\" rel=\"noopener\"><span style=\"font-weight: 400;\">festivales y eventos en Barcelona<\/span><\/a><span style=\"font-weight: 400;\"> en nuestro blog!<\/span><\/p>\n\n\n\n<p><\/p>\n","protected":false},"excerpt":{"rendered":"<p>Barcelona despide el verano con la mayor fiesta callejera del a\u00f1o: Les Festes de la Merc\u00e8 2024. No te pierdas nada, desde la \u00abCarrera del Fuego\u00bb hasta las torres humanas. Consulta nuestra gu\u00eda informativa para conocer todos los aspectos destacados de este acontecimiento tan esperado.<\/p>\n","protected":false},"author":3,"featured_media":18848,"comment_status":"open","ping_status":"closed","sticky":false,"template":"","format":"standard","meta":{"om_disable_all_campaigns":false,"_monsterinsights_skip_tracking":false,"_monsterinsights_sitenote_active":false,"_monsterinsights_sitenote_note":"","_monsterinsights_sitenote_category":0,"footnotes":""},"categories":[187,203,92,211,204],"tags":[1877,1579],"class_list":["post-26921","post","type-post","status-publish","format-standard","has-post-thumbnail","hentry","category-actividades-familiares","category-eventos","category-guia-turistica","category-inicio","category-vida-local","tag-cultura-barcelona","tag-visitando-barcelona-2"],"aioseo_notices":[],"_links":{"self":[{"href":"https:\/\/blog.apartmentbarcelona.com\/es\/wp-json\/wp\/v2\/posts\/26921","targetHints":{"allow":["GET"]}}],"collection":[{"href":"https:\/\/blog.apartmentbarcelona.com\/es\/wp-json\/wp\/v2\/posts"}],"about":[{"href":"https:\/\/blog.apartmentbarcelona.com\/es\/wp-json\/wp\/v2\/types\/post"}],"author":[{"embeddable":true,"href":"https:\/\/blog.apartmentbarcelona.com\/es\/wp-json\/wp\/v2\/users\/3"}],"replies":[{"embeddable":true,"href":"https:\/\/blog.apartmentbarcelona.com\/es\/wp-json\/wp\/v2\/comments?post=26921"}],"version-history":[{"count":4,"href":"https:\/\/blog.apartmentbarcelona.com\/es\/wp-json\/wp\/v2\/posts\/26921\/revisions"}],"predecessor-version":[{"id":74430,"href":"https:\/\/blog.apartmentbarcelona.com\/es\/wp-json\/wp\/v2\/posts\/26921\/revisions\/74430"}],"wp:featuredmedia":[{"embeddable":true,"href":"https:\/\/blog.apartmentbarcelona.com\/es\/wp-json\/wp\/v2\/media\/18848"}],"wp:attachment":[{"href":"https:\/\/blog.apartmentbarcelona.com\/es\/wp-json\/wp\/v2\/media?parent=26921"}],"wp:term":[{"taxonomy":"category","embeddable":true,"href":"https:\/\/blog.apartmentbarcelona.com\/es\/wp-json\/wp\/v2\/categories?post=26921"},{"taxonomy":"post_tag","embeddable":true,"href":"https:\/\/blog.apartmentbarcelona.com\/es\/wp-json\/wp\/v2\/tags?post=26921"}],"curies":[{"name":"wp","href":"https:\/\/api.w.org\/{rel}","templated":true}]}}