{"id":38012,"date":"2019-02-01T11:34:13","date_gmt":"2019-02-01T10:34:13","guid":{"rendered":"https:\/\/blog.apartmentbarcelona.com\/streetart-barcelona\/"},"modified":"2024-12-05T20:21:40","modified_gmt":"2024-12-05T19:21:40","slug":"streetart-barcelona","status":"publish","type":"post","link":"https:\/\/blog.apartmentbarcelona.com\/de\/streetart-barcelona\/","title":{"rendered":"Entdecken Sie Streetart in Barcelona!"},"content":{"rendered":"<p>Was kommt Ihnen in den Sinn, wenn Sie an Barcelona denken?<\/p>\n<p>Sonne, Str\u00e4nde, Tapas &#8230;.Streetart?<\/p>\n<p>Ja, tats\u00e4chlich ist Barcelona einer der Hotspots f\u00fcr Strassenk\u00fcnstler aller Art. Ob es T\u00e4nzer sind, die mit Ihren Choreographien um die Herzen der Passanten buhlen, Musiker die Ihre Lieder auf allerlei Instrumenten zum Besten geben, lebende Statuen, auf die man meist auf den Ramblas trifft oder, und dar\u00fcber wollen wir Ihnen hier berichten, einzigartige Graffitiy K\u00fcnstler, die sich auf Barcelonas Mauern verweigt haben.<\/p>\n<p>Mittlerweile werden sogar gef\u00fchrte Touren angeboten, die sich ausschliesslich mit der Strassenkunst der jeweiligen Viertel besch\u00e4ftigt.<\/p>\n<p>M\u00f6chten Sie lieber Ihre ganz eigene Tour planen und sich durch die bunten Stra\u00dfen treiben lassen m\u00f6chten, haben wir hier ein paar Tipps, Highlights und Hintergrundinformationen f\u00fcr Sie.<\/p>\n<p>&nbsp;<\/p>\n<p>&nbsp;<\/p>\n<h2>El Xupet Negre<\/h2>\n<p><em><img loading=\"lazy\" decoding=\"async\" class=\"alignright wp-image-28923\" src=\"https:\/\/blog.apartmentbarcelona.com\/wp-content\/uploads\/2019\/02\/El-Xupet-Negre.jpg\" alt=\"El Xupet Negre\" width=\"180\" height=\"240\" \/><\/em><\/p>\n<p>Egal wo Sie starten, es wird nicht lange dauern und Sie werden auf den <em>\u201eEl Xupet Negre\u201c<\/em> , zu deutsch<em> \u201eDer schwarze Schnuller\u201c<\/em> sto\u00dfen. Nahezu \u00fcberall in der Stadt st\u00f6\u00dft man auf gro\u00dfe oder kleine Werke von ihm. Kein Wunder, denn er verziert bereits seit 1991 die Stra\u00dfen Barcelonas und der Welt mit seinem Markenzeichen. Dieser Graffiti K\u00fcnstler z\u00e4hlt mittlerweile zu den 50 einflussreichsten Street Artists aller Zeiten.<\/p>\n<p>Sein allererstes Werk war ein Schnuller in N\u00e4he der ber\u00fchmten Bar \u2013 <em>Oro Negro \u2013 (schwarzes Gold) \u2013<\/em> daher der schwarze Schnuller. Warum gerade ein Schnuller? Er beantwortet es selbst mit seinem anti rassistischem Weltbild ; weil wir alle einmal Kinder waren.<\/p>\n<p>&nbsp;<\/p>\n<p>&nbsp;<\/p>\n<h2>Onergizer Konair und Pez<\/h2>\n<p><img loading=\"lazy\" decoding=\"async\" class=\"wp-image-28918 alignleft\" src=\"https:\/\/blog.apartmentbarcelona.com\/wp-content\/uploads\/2019\/02\/ice-lolly.jpg\" alt=\"Onergizer Konair\" width=\"153\" height=\"204\" \/><\/p>\n<p>&nbsp;<\/p>\n<p>Oft sieht man seine Kunstwerke in Zusammenarbeit mit dem Artisten <em>\u201eKonair\u201c<\/em> dessen Markenzeichen widerum ein Eis ist und <em>\u201eEl Pez\u201c<\/em> \u00fcbersetzt <em>\u201eDer Fisch\u201c,<\/em> dessen Markenzeichen \u2013 wer h\u00e4tte es gedacht \u2013 ein Fisch, besser gesagt ein Hai ist. Kunstwerke und Kolloborationen dieser drei Artisten sind \u00fcberall zu entdecken und gestalten das Stadtbild mit.<\/p>\n<p>&nbsp;<\/p>\n<p>Von \u00fcberall in der Stadt nun aber zu besonderen Pl\u00e4tzen ;<\/p>\n<p>&nbsp;<\/p>\n<h2>Keith Haring&#8217;s mural am MACBA Museum<\/h2>\n<p><img loading=\"lazy\" decoding=\"async\" class=\"alignright wp-image-28919\" src=\"https:\/\/blog.apartmentbarcelona.com\/wp-content\/uploads\/2019\/02\/haring.jpg\" alt=\"Keith Haring Barcelona\" width=\"264\" height=\"198\" \/><\/p>\n<p>Wem<em> Keith Harings<\/em> kein Begriff ist, der wird sp\u00e4testens wenn er eines seiner Werke sieht, wissen, um wen es sich handelt.<\/p>\n<p>Der damals an AIDS erkrankte<em> Keith Harings<\/em> malte nur ein Jahr vor seinem Tod\u00a0 ein Wandgem\u00e4lde in der N\u00e4he des <em>MACBA<\/em> Museums \u2013 dem Museum f\u00fcr zeitgen\u00f6ssische Kunst \u2013 im damals noch heruntergekommenen, heute k\u00fcnstlerisch aufstrebenden Viertel von Raval.<\/p>\n<p>Die Botschaft seines Werkes : <em>Todas juntos podemos parar el SIDA<\/em> \u2013 Zusammen k\u00f6nnen wir AIDS aufhalten. Leider wurde er ein Jahr sp\u00e4ter selbst von AIDS aufgehalten, doch seine Kunstwerke leben weiter.<\/p>\n<p>Dieses Wandgem\u00e4lde wurde anl\u00e4sslich seines 25 Bestehens und in Andenken an <em>Keith Haring<\/em> im Februar 2014 auf eine neue Wand \u00fcbertragen.<\/p>\n<p><strong>Wo? Nahe des Einganges des MACBA in Raval<\/strong><\/p>\n<p>&nbsp;<\/p>\n<p>&nbsp;<\/p>\n<h2>Joan Mir\u00f3 Mural<\/h2>\n<p><img loading=\"lazy\" decoding=\"async\" class=\" wp-image-28920 alignleft\" src=\"https:\/\/blog.apartmentbarcelona.com\/wp-content\/uploads\/2019\/02\/joan-miro-tribute.jpg\" alt=\"joan miro Sixe Paredes \" width=\"251\" height=\"167\" \/><\/p>\n<p>Ein weiteres Kunstwerk, dass an einen grossen K\u00fcnstler erinnert, findet sich im Viertel von <em>El Raval<\/em>. Hier wurde ein riesiges Wandgem\u00e4lde von den Strassenk\u00fcnstlern Sixe Paredes im Stil von <em>Joan Mir\u00f3<\/em> geschaffen. Das Wandbildes entstand w\u00e4hrend der Ausstellung<em> \u201eVon Mir\u00f3 bis BCN\u201c<\/em>. Bis heute ist es definitiv eines der ber\u00fchmtesten Gem\u00e4lde der Stadt.<\/p>\n<p><strong>Wo? Ecke Carrer Sant Pau und Carrer de la Riereta<\/strong><\/p>\n<p><strong>\u00a0<\/strong><\/p>\n<p>&nbsp;<\/p>\n<h2>Jardins de les 3 Xemeneies<\/h2>\n<p><img loading=\"lazy\" decoding=\"async\" class=\"alignright wp-image-28922\" src=\"https:\/\/blog.apartmentbarcelona.com\/wp-content\/uploads\/2019\/02\/skate-park-3.jpg\" alt=\"Jardins de les 3 Xemeneies\" width=\"243\" height=\"182\" \/><\/p>\n<p>An einer der Hauptstrassen Barcelonas, der <em>Avinguda Para\u0140lel<\/em> im Viertel <em>Poble-Sec<\/em> \u00a0befindet sich ein Grafitty und Skate Park, der die Herzen aller K\u00fcnstler h\u00f6her schl\u00e4gen l\u00e4sst. Hier ist es erlaubt &#8211; nach vorheriger Anmeldung online oder per Telefon \u2013 ganz legal seine eigenen Werke zu erschaffen. Daher sieht man hier andauernd neue Kunstwerke, ob von neuen oder alten K\u00fcnstlern in der Szene. Das alles inmitten eines Skateparks. Cool!<\/p>\n<p><strong>Wo? Avenue del Para\u0140lel 49, El Poble-Sec<\/strong><\/p>\n<p><strong>\u00a0<\/strong><\/p>\n<p>&nbsp;<\/p>\n<h2>Axe Colours<\/h2>\n<p><img loading=\"lazy\" decoding=\"async\" class=\" wp-image-28924 alignleft\" src=\"https:\/\/blog.apartmentbarcelona.com\/wp-content\/uploads\/2019\/02\/axe-colours-gracia-barcelona.jpg\" alt=\"axe colours gracia barcelona\" width=\"246\" height=\"164\" \/><\/p>\n<p>Die Werke eines K\u00fcnstlers der sich immer mehr einen Namen macht, k\u00f6nnen im Viertel<em> Gracia<\/em> bewundert werden. Im kunterbunten Stil zaubert er ber\u00fchmte Gesichter wie die der Hauptdarsteller von Game of Thrones, Walter White aus Breaking Bad, Lionell Messi und andere an die Schaufensterl\u00e4den dieses Viertels. \u201eSchaufensterl\u00e4den?\u201c, fragen Sie sich vielleicht.<\/p>\n<p>Ja, durch das Verbot der Stadt f\u00fcr Graffitys an \u00f6ffentlichen W\u00e4nden, sind viele K\u00fcnstler auf die Tore der L\u00e4den ausgewichen, die sich nach Ladenschluss als hervorragende Leinw\u00e4nde erweisen.\u00a0 Daher lassen sich viele Kunstwerke erst nach den \u00d6ffnungszeiten entdecken.<\/p>\n<p><a href=\"https:\/\/lamaletadecarla.com\/grafitis-serie-axe-colours-barrio-de-gracia-barcelona\/\">Schauen Sie hier f\u00fcr die genauen Stadtorte von Axe Colours Werken in <em>Gracia.\u00a0<\/em><\/a><\/p>\n<p>&nbsp;<\/p>\n<h2>Kiss of Freedom<\/h2>\n<p><img loading=\"lazy\" decoding=\"async\" class=\"alignright size-medium wp-image-28925\" src=\"https:\/\/blog.apartmentbarcelona.com\/wp-content\/uploads\/2019\/02\/kiss-2.jpg\" alt=\"kiss of freedom barcelona\" width=\"300\" height=\"225\" \/><\/p>\n<p>Dieses wundersch\u00f6ne Wandbild, auch genannt <em>\u201eThe world begins with every kiss\u201c<\/em> das in der N\u00e4he der Kathedrale von Barcelona im Gotischen Viertel gefunden werden kann, besteht selbst aus vielen kleinen einzelnen Fliesen aus Keramik, die erst beim n\u00e4heren Herantreten erkannt werden k\u00f6nnen.<\/p>\n<p>Die Fotos auf den Keramiken stammen \u00fcbrigens von 4.000 Lesern der spanischen Zeitung<em> \u201eEl Peri\u00f3dico\u201c<\/em> die nach Momenten und Erinnerungen gefragt wurden, bei denen sie einen eigenen Moment der Freiheit genossen haben. Alle zusammen bilden Sie zwei k\u00fcssende M\u00fcnder, die sich auf ganzen 8 x 3,8 Metern erstrecken.<\/p>\n<p>Einen geschichtlichen Hintergrund hat gibt es auch noch dazu : Das Kunstwerk wurde im Jahre 2014 anl\u00e4sslich des dreihundertj\u00e4hrigen Jubil\u00e4ums zur Erinnerung des Falles Barcelonas w\u00e4hrend des spanischen Erbfolgerkriegs errichtet.<\/p>\n<p><strong>Wo : Pla\u00e7a d&#8217;Isidre Nonell<\/strong><\/p>\n<p>&nbsp;<\/p>\n<p>Klicken Sie hier um die hier genannten Werke auf einer <a href=\"https:\/\/bit.ly\/2DQgVQL\" target=\"_blank\" rel=\"nofollow noopener\">interaktiven Karte<\/a> zu sehen.<\/p>\n<p>&nbsp;<\/p>\n","protected":false},"excerpt":{"rendered":"<p>M\u00f6chten Sie einzigartige Streetart in der Stadt entdecken? Lesen Sie unseren Guide f\u00fcr einige unserer Lieblingswerke unserer Lieblingsk\u00fcnstler in Barcelona.<\/p>\n","protected":false},"author":1,"featured_media":37985,"comment_status":"open","ping_status":"closed","sticky":false,"template":"","format":"standard","meta":{"om_disable_all_campaigns":false,"_monsterinsights_skip_tracking":false,"_monsterinsights_sitenote_active":false,"_monsterinsights_sitenote_note":"","_monsterinsights_sitenote_category":0,"footnotes":""},"categories":[92,195,208],"tags":[837],"class_list":["post-38012","post","type-post","status-publish","format-standard","has-post-thumbnail","hentry","category-guia-turistica","category-sitios","category-startseite","tag-barcelona-aktivitaten"],"aioseo_notices":[],"_links":{"self":[{"href":"https:\/\/blog.apartmentbarcelona.com\/de\/wp-json\/wp\/v2\/posts\/38012","targetHints":{"allow":["GET"]}}],"collection":[{"href":"https:\/\/blog.apartmentbarcelona.com\/de\/wp-json\/wp\/v2\/posts"}],"about":[{"href":"https:\/\/blog.apartmentbarcelona.com\/de\/wp-json\/wp\/v2\/types\/post"}],"author":[{"embeddable":true,"href":"https:\/\/blog.apartmentbarcelona.com\/de\/wp-json\/wp\/v2\/users\/1"}],"replies":[{"embeddable":true,"href":"https:\/\/blog.apartmentbarcelona.com\/de\/wp-json\/wp\/v2\/comments?post=38012"}],"version-history":[{"count":1,"href":"https:\/\/blog.apartmentbarcelona.com\/de\/wp-json\/wp\/v2\/posts\/38012\/revisions"}],"predecessor-version":[{"id":38013,"href":"https:\/\/blog.apartmentbarcelona.com\/de\/wp-json\/wp\/v2\/posts\/38012\/revisions\/38013"}],"wp:featuredmedia":[{"embeddable":true,"href":"https:\/\/blog.apartmentbarcelona.com\/de\/wp-json\/wp\/v2\/media\/37985"}],"wp:attachment":[{"href":"https:\/\/blog.apartmentbarcelona.com\/de\/wp-json\/wp\/v2\/media?parent=38012"}],"wp:term":[{"taxonomy":"category","embeddable":true,"href":"https:\/\/blog.apartmentbarcelona.com\/de\/wp-json\/wp\/v2\/categories?post=38012"},{"taxonomy":"post_tag","embeddable":true,"href":"https:\/\/blog.apartmentbarcelona.com\/de\/wp-json\/wp\/v2\/tags?post=38012"}],"curies":[{"name":"wp","href":"https:\/\/api.w.org\/{rel}","templated":true}]}}