{"id":37255,"date":"2018-12-05T11:55:14","date_gmt":"2018-12-05T10:55:14","guid":{"rendered":"https:\/\/blog.apartmentbarcelona.com\/katalanischer-leitfaden\/"},"modified":"2024-12-05T20:05:23","modified_gmt":"2024-12-05T19:05:23","slug":"katalanischer-leitfaden","status":"publish","type":"post","link":"https:\/\/blog.apartmentbarcelona.com\/de\/katalanischer-leitfaden\/","title":{"rendered":"Ein kleiner katalanischer Leitfaden (W\u00f6rter, Politik und Traditionen)"},"content":{"rendered":"<p><span class=\"tlid-translation translation\"><span class=\"\" title=\"\">Barcelona liegt in der autonomen Region Katalonien und ist dessen Hauptstadt.<\/span> <span class=\"\" title=\"\">Kataloniens Geschichte, Kultur und Traditionen sind f\u00fcr die hier lebenden Menschen \u00e4u\u00dferst wichtig. Viele sch\u00e4tzen es, wenn die Besucher von Barcelona mit einigen Grundlagen vertraut sind.<\/span><\/p>\n<p><span class=\"\" title=\"\">Wir haben einen Leitfaden f\u00fcr Pfeifenstopps in Katalonien erstellt, der Informationen zur katalanischen Kultur, einen kurzen historischen \u00dcberblick und einige wichtige S\u00e4tze f\u00fcr Ihren Aufenthalt enth\u00e4lt.<\/span><\/span><\/p>\n<p>&nbsp;<\/p>\n<p>&nbsp;<\/p>\n<h2>Die Geschichte von Katalonien<\/h2>\n<p><img loading=\"lazy\" decoding=\"async\" class=\"size-thumbnail wp-image-27928 alignleft\" src=\"https:\/\/blog.apartmentbarcelona.com\/wp-content\/uploads\/2018\/12\/senyera.png\" alt=\"senyera catalu\u00f1a\" width=\"150\" height=\"150\" \/><span class=\"tlid-translation translation\">Katalonien begann urspr\u00fcnglich als Teil des R\u00f6mischen Reiches, und Tarragona &#8211; eine Stadt eine Stunde von Barcelona entfernt &#8211; wurde urspr\u00fcnglich als Zentrum der Region genutzt. Nach dem Fall der R\u00f6mer wurde das Gebiet von den Westgoten, den Mauren und dann den Franken beherrscht. In dieser Zeit wurde der Bezirk Barcelona gegr\u00fcndet.<\/p>\n<p>Der Begriff \u201eKatalonien\u201c wurde erstmals im 12. Jahrhundert verwendet. In dieser Zeit nach dem Fall Karls des Gro\u00dfen vereinte sich Katalonien mit dem benachbarten K\u00f6nigreich Aragon. Es war immer noch Teil des K\u00f6nigreichs Aragonien, als sich Spanien nach der Hochzeit von Isabella und Ferdinand vereinigte, aber es war eine separate Region mit eigener Sprache und eigenen Gesetzen. Obwohl der K\u00f6nig von Spanien mit der katalanischen Regierung \u00fcber Steuern verhandelte, blieb Katalonien unter spanischer Herrschaft.<\/p>\n<p>W\u00e4hrend des Spanischen Erbfolgekriegs \u00e4nderte sich jedoch alles, als Katalonien Spanien den R\u00fccken kehrte und die Habsburger w\u00e4hrend des Konflikts unterst\u00fctzte. Nach der Belagerung von Barcelona im Jahr 1714 wurde Spanien unter K\u00f6nig Philip V. vereint, der die katalanische Sprache und Kultur als Strafe f\u00fcr die Entscheidung verbot, sie im Krieg nicht unterst\u00fctzen zu wollen.<\/span><\/p>\n<p><img loading=\"lazy\" decoding=\"async\" class=\"size-thumbnail wp-image-27930 alignleft\" src=\"https:\/\/blog.apartmentbarcelona.com\/wp-content\/uploads\/2018\/12\/franco.jpg\" alt=\"Franco Spain\" width=\"150\" height=\"150\" \/><span class=\"tlid-translation translation\">Die nationalistische Stimmung in Katalonien wuchs im 19. Jahrhundert und unter der Spanischen Republik in den 1930er Jahren wurde Katalonien als halbautonome anerkannt. Dies war jedoch nur von kurzer Dauer, da die Region die verlorene republikanische Seite w\u00e4hrend des B\u00fcrgerkriegs des Landes 1936 unterst\u00fctzte. Nach dem Sieg Francos fand die gleiche Unterdr\u00fcckung Kataloniens unter der F\u00fchrung Francos statt. Die katalanische Sprache wurde verboten und man konnte daf\u00fcr hart bestraft werden, wenn man in der \u00d6ffentlichkeit Katalanisch sprach.<\/p>\n<p>Nach den Niederlagen von Hitler und Mussolini verminderte Franco die Unterdr\u00fcckung Kataloniens aus Angst, dass er in einem Aufstand seine Macht verlieren w\u00fcrde. Nach seinem Tod in den 70er Jahren wurde Spanien eine Demokratie und erlaubte die Freiheit des kulturellen Ausdrucks.<\/p>\n<p>Heute versuchen viele Katalanen, die katalanische Kultur und Sprache erneut zu st\u00e4rken, und k\u00f6nnen sich immer noch an die schreckliche Unterdr\u00fcckung unter Francos Herrschaft erinnern. Katalanisch wird jetzt in Schulen unterrichtet und ist eine der Amtssprachen der Region.<\/p>\n<p>Die derzeitige Unabh\u00e4ngigkeitsbewegung begann Anfang 2010. Die Bef\u00fcrworter behaupten, dass Katalonien den Rest des Landes zwar wirtschaftlich unterst\u00fctzt, die katalanische Kultur jedoch von Spanien noch nicht genug gesch\u00e4tzt oder gef\u00f6rdert wird. Diese Stimmung f\u00fchrte 2017 zur Abstimmung im Referendum, bei der politische F\u00fchrer wegen Anstiftung zur Bewegung verhaftet wurden. Diese politischen F\u00fchrer warten auf ein Gerichtsverfahren im Gef\u00e4ngnis, w\u00e4hrend die Proteste die regionale Unabh\u00e4ngigkeit unterst\u00fctzen.<\/span><\/p>\n<h2>Katalanische Traditionen<\/h2>\n<p><strong>Weihnachten<br \/>\n<\/strong><\/p>\n<p><img loading=\"lazy\" decoding=\"async\" class=\"size-thumbnail wp-image-27590 alignleft\" src=\"https:\/\/blog.apartmentbarcelona.com\/wp-content\/uploads\/2018\/11\/Catalan-Tio-150x150.jpg\" alt=\"Catalan Tio\" width=\"150\" height=\"150\" \/><span class=\"tlid-translation translation\">Einige der wichtigsten Traditionen in Katalonien finden um <a href=\"https:\/\/blog.apartmentbarcelona.com\/de\/2018\/11\/28\/winter-in-barcelona\/\" target=\"_blank\" rel=\"nofollow noopener\">Weihnachten<\/a> statt. Eines davon ist der <strong>T\u00eco de Nadal<\/strong>. Den kleinen Baumstamm, der mit einer Decke zugedeckt ist, \u201ef\u00fcttern\u201c Kinder vom 13. Dezember bis zum Weihnachtstag mit Trockenfr\u00fcchten und Beeren. Am 25. schlagen sie den Stamm mit einem Stock singen und ermutigen ihn, &#8220;Pups&#8221; -Geschenke zu machen. So erhalten Kinder am Weihnachtstag ihre Geschenke.<\/p>\n<p>Eine andere katalanische Weihnachtstradition ist der <strong>Caganer<\/strong>, eine Figur, die in katalanischen Krippen kauert und &#8220;sein Gesch\u00e4ft macht&#8221;. Typischerweise ist der Caganer in der Krippe versteckt und Kinder m\u00fcssen ihn jedes Jahr finden.<\/p>\n<p><strong>Herbst<\/strong><\/p>\n<p>In den Herbstmonaten feiert Katalonien \u00a0<a href=\"https:\/\/blog.apartmentbarcelona.com\/de\/2018\/10\/03\/halloween-in-barcelona-2018\/\" target=\"_blank\" rel=\"nofollow noopener\">La Castanyada<\/a>. Dieses Fest markiert das Ende des Sommers und den Beginn der k\u00e4lteren Monate. Traditionell werden warme Kastanien zusammen mit<strong> Panellets<\/strong> gegessen (Marzipan-Mandelgeb\u00e4ck, das normalerweise mit Pinienkernen bedeckt ist). W\u00e4hrend <em>La Castanyada<\/em> wird Allerheiligen gefeiert, um geliebten Angeh\u00f6rigen zu gedenken, die gestorben sind.<\/span><\/p>\n<p>&nbsp;<\/p>\n<p><strong>Wichtige Daten<br \/>\n<\/strong><\/p>\n<p><img loading=\"lazy\" decoding=\"async\" class=\"size-thumbnail wp-image-27191 alignleft\" src=\"https:\/\/blog.apartmentbarcelona.com\/wp-content\/uploads\/2018\/09\/fireworks-la-merce.jpg\" alt=\"fireworks la merce\" width=\"150\" height=\"150\" \/><span class=\"tlid-translation translation\"><span title=\"\">Ein wichtiges Fest, das in Barcelona gefeiert wird, ist <em>La Merce<\/em>, das am 24. September <\/span>gefeirt wird. <span title=\"\">La Merce dauert ein ganzes Wochenende und besteht aus anderen katalanischen Traditionen wie dem Correfoc (Feuerlauf), dem Sardana (einem traditionellen Tanz), Gegants (Pappmach\u00e9-Riesen) und Castellers (Menschent\u00fcrmen).<\/span><\/p>\n<p><span title=\"\">Der 11. September ist ein weiterer wichtiger Tag in Katalonien, der die Niederlage Barcelonas w\u00e4hrend des Spanischen Erbfolgekriegs von 1714 markiert.<\/span> <span title=\"\">Dieser Tag ist heute als <a href=\"https:\/\/blog.apartmentbarcelona.com\/de\/2018\/09\/10\/alles-was-sie-uber-den-11ten-september-den-nationalfeiertag-von-katalonien-wissen-mussen\/\" target=\"_blank\" rel=\"nofollow noopener\"><em> Nationalfeiertag von Katalonien<\/em><\/a> bekannt.<\/span><\/p>\n<p><span title=\"\">Zwei kleinere Feiertage in der Region sind der Tag von <em>Sant Jordi<\/em> und der Tag von <em>Sant Joan<\/em>.<\/span>\u00a0<span title=\"\"><em>Sant Jordi<\/em> (Saint George) ist der Schutzpatron von Katalonien, und am 23. April (dem Tag, an dem er starb) tauschen die Einheimischen B\u00fccher und Rosen aus.<\/span> <span title=\"\">Sant Joan (Saint John) ist auch eine wichtige Pers\u00f6nlichkeit in Katalonien und wird am 23. Juni gefeiert.<\/span> <span class=\"\" title=\"\">Zu den Feierlichkeiten z\u00e4hlen Feuerwerk, Lagerfeuer und ein herzliches Willkommen in der sonnigen Jahreszeit in Katalonien.<\/span><\/span><\/p>\n<p><strong>Food<\/strong><\/p>\n<p><img loading=\"lazy\" decoding=\"async\" class=\"size-thumbnail wp-image-21778 alignleft\" src=\"https:\/\/blog.apartmentbarcelona.com\/wp-content\/uploads\/2015\/04\/Pan-con-Tomate.jpg\" alt=\"Pan con tomate\" width=\"150\" height=\"150\" \/><span class=\"tlid-translation translation\">Das Hauptgericht der katalanischen Region nennt sich\u00a0<strong>pan con tomate<\/strong>, ger\u00f6stetes Brot mit Tomaten, Salz und \u00d6l. Dies ist eines der einfachsten Gerichte der Region, aber auch eines der leckersten. Am Weihnachtstag wird<strong> Escudella<\/strong> (Eintopf mit Gem\u00fcse und Fleisch) serviert, am 26. Dezember werden <strong>Canelons<\/strong> (Pasta Br\u00f6tchen gef\u00fcllt mit \u00fcbriggebliebenem K\u00e4se und Fleisch vom Vortag) verzehrt. Von November bis April werden auch <strong>Cal\u00e7otada<\/strong> (\u00e4hnlich Zwiebeln, die mit Salvitxada-Sauce gesch\u00e4lt und gegessen werden) gegessen.<\/p>\n<p><strong>Cava<\/strong>, die katalanische Version des Champagners, l\u00e4sst sich auch auf diese Region zur\u00fcckf\u00fchren, ebenso wie den <strong>Moscatell<\/strong>, einen s\u00fc\u00dfen Wein, der in den k\u00e4lteren Monaten und besonders an <em>Castanyada<\/em> serviert wird. Andere traditionelle Gerichte sind <strong>Rovellos<\/strong> (gro\u00dfe Pilze mit einer roten und orange Farbe), <strong>Esqueixada<\/strong> (Kabeljau mit Gem\u00fcsesalat, Oliven\u00f6l und Essig) und <strong>Butifarra<\/strong> (scharfe Wurst).<\/p>\n<p>Typische regionale Saucen sind Knoblauchmayonnaise (<strong>Allioli<\/strong>) und <strong>Romesco<\/strong>, eine w\u00fcrzige Sauce mit Tomaten, Paprika, Knoblauch und Oliven\u00f6l. Zum Nachtisch wird oft <strong>Crema Catalana<\/strong> &#8211; eine traditionelle <strong>Cr\u00e8me Br\u00fbl\u00e9e<\/strong> &#8211; genossen.<\/p>\n<p><strong>Die Katalanische Sprache<\/strong><\/p>\n<p>Einheimische werden es zu sch\u00e4tzen wissen, wenn Sie sich die M\u00fche machen, auch ein paar grundlegende S\u00e4tze auf Katalanisch zu lernen. Immerhin gibt es \u00fcber 9 Millionen Muttersprachler der Sprache!<\/p>\n<p>Hier sind ein paar S\u00e4tze zum Einstieg:<\/span><\/p>\n<ul>\n<li>Hallo \u2013 <em>Hola<\/em> <strong>\u2018ohh-lah\u2019<\/strong><\/li>\n<li>Tsch\u00fcss \u2013 <em>Ad\u00e9u<\/em><strong> \u2018ah- day- oo\u2019<\/strong><\/li>\n<li>Guten Morgen &#8211; <em>Bon Dia<\/em><strong> \u2018bon dee-ah\u2019<\/strong><\/li>\n<li>Guten Nachmittag \u2013 <em>Bona Tarda<\/em> <strong>\u2018bon-ah tar-dah\u2019<\/strong><\/li>\n<li>Gute Nacht \u2013 <em>Bona nit<\/em> <strong>\u2018bon- ah neet\u2019<\/strong><\/li>\n<li>Wie geht es dir? <em>Com est\u00e0s?<\/em> <strong>\u2018cohm eh-stas\u2019<\/strong><\/li>\n<li>Bitte. <em>Si us plau.<\/em> <strong>\u2018see ooh-s plough\u2019<\/strong><\/li>\n<li>Danke! <em>Merci!<\/em> <strong>\u2018mer-see\u2019<\/strong><\/li>\n<li>Macht nichts! <em>De res.<\/em> <strong>\u2018dah ress\u2019<\/strong><\/li>\n<li>Tut mir leid! <em>Ho sento<\/em> <strong>\u2018oo sen-two\u2019<\/strong><\/li>\n<li>Sprechen Sie deutsch? <em><span class=\"tlid-translation translation\"><span class=\"\" title=\"\">parles alemany<\/span><\/span>?<\/em> <strong>\u2018par-less a-le-mani\u2019<\/strong><\/li>\n<li>Stra<span class=\"st\">\u00dfe<\/span>. <em>Carrer<\/em>.<strong> \u2018Kah-rerr\u2019<\/strong><\/li>\n<li>Prost!<em> Salut!<\/em> <strong>\u2018sah- loot\u2019<\/strong><\/li>\n<\/ul>\n<p>&nbsp;<\/p>\n<p>Lassen Sie es uns wissen wenn Sie unseren kleinen Katalanisch F\u00fchrer f\u00fcr Anf\u00e4nger f\u00fcr n\u00fctzlich fanden.<\/p>\n<p>Ad\u00e9u!<\/p>\n","protected":false},"excerpt":{"rendered":"<p>Barcelona liegt in der autonomen Region Katalonien und ist dessen Hauptstadt. Kataloniens Geschichte, Kultur und Traditionen sind f\u00fcr die hier lebenden Menschen \u00e4u\u00dferst wichtig. Viele sch\u00e4tzen es, wenn die Besucher von Barcelona mit einigen Grundlagen vertraut sind. Wir haben einen Leitfaden f\u00fcr Pfeifenstopps in Katalonien erstellt, der Informationen zur katalanischen Kultur, einen kurzen historischen \u00dcberblick [&hellip;]<\/p>\n","protected":false},"author":1,"featured_media":37234,"comment_status":"open","ping_status":"closed","sticky":false,"template":"","format":"standard","meta":{"om_disable_all_campaigns":false,"_monsterinsights_skip_tracking":false,"_monsterinsights_sitenote_active":false,"_monsterinsights_sitenote_note":"","_monsterinsights_sitenote_category":0,"footnotes":""},"categories":[92,205,208,206,204],"tags":[],"class_list":["post-37255","post","type-post","status-publish","format-standard","has-post-thumbnail","hentry","category-guia-turistica","category-informacion-util","category-startseite","category-tradiciones","category-vida-local"],"aioseo_notices":[],"_links":{"self":[{"href":"https:\/\/blog.apartmentbarcelona.com\/de\/wp-json\/wp\/v2\/posts\/37255","targetHints":{"allow":["GET"]}}],"collection":[{"href":"https:\/\/blog.apartmentbarcelona.com\/de\/wp-json\/wp\/v2\/posts"}],"about":[{"href":"https:\/\/blog.apartmentbarcelona.com\/de\/wp-json\/wp\/v2\/types\/post"}],"author":[{"embeddable":true,"href":"https:\/\/blog.apartmentbarcelona.com\/de\/wp-json\/wp\/v2\/users\/1"}],"replies":[{"embeddable":true,"href":"https:\/\/blog.apartmentbarcelona.com\/de\/wp-json\/wp\/v2\/comments?post=37255"}],"version-history":[{"count":1,"href":"https:\/\/blog.apartmentbarcelona.com\/de\/wp-json\/wp\/v2\/posts\/37255\/revisions"}],"predecessor-version":[{"id":37256,"href":"https:\/\/blog.apartmentbarcelona.com\/de\/wp-json\/wp\/v2\/posts\/37255\/revisions\/37256"}],"wp:featuredmedia":[{"embeddable":true,"href":"https:\/\/blog.apartmentbarcelona.com\/de\/wp-json\/wp\/v2\/media\/37234"}],"wp:attachment":[{"href":"https:\/\/blog.apartmentbarcelona.com\/de\/wp-json\/wp\/v2\/media?parent=37255"}],"wp:term":[{"taxonomy":"category","embeddable":true,"href":"https:\/\/blog.apartmentbarcelona.com\/de\/wp-json\/wp\/v2\/categories?post=37255"},{"taxonomy":"post_tag","embeddable":true,"href":"https:\/\/blog.apartmentbarcelona.com\/de\/wp-json\/wp\/v2\/tags?post=37255"}],"curies":[{"name":"wp","href":"https:\/\/api.w.org\/{rel}","templated":true}]}}